{"id":3590,"global_id":"seniorbofrederiksberg.dk?id=3590","global_id_lineage":["seniorbofrederiksberg.dk?id=3590"],"author":"1","status":"publish","date":"2025-09-14 14:53:40","date_utc":"2025-09-14 12:53:40","modified":"2025-10-20 20:00:08","modified_utc":"2025-10-20 18:00:08","url":"https:\/\/seniorbofrederiksberg.dk\/?tribe_events=paa-gaatur-med-borgmester-micheal-vindfelt","rest_url":"https:\/\/seniorbofrederiksberg.dk\/index.php?rest_route=\/tribe\/events\/v1\/events\/3590","title":"AFLYST P\u00e5 g\u00e5tur med\u00a0borgmester\u00a0Micheal Vindfeldt\u00a0","description":"<div  class=\"tribe-events-schedule tribe-clearfix\" >\n\t<p class=\"tribe-events-schedule__datetime\">\n\t\t<span class=\"tribe-events-schedule__date tribe-events-schedule__date--start\">\n\t\t\t\t\t<\/span>\n\n\t\t\t\t\t<span class=\"tribe-events-schedule__separator tribe-events-schedule__separator--date\">\n\t\t\t\t @ \t\t\t<\/span>\n\t\t\t<span class=\"tribe-events-schedule__time tribe-events-schedule__time--start\">\n\t\t\t\t\t\t\t<\/span>\n\t\t\n\t\t\t<\/p>\n<\/div>\n\n\n\n<p class=\"has-vivid-red-color has-text-color has-link-color wp-elements-1 wp-block-paragraph\">AFLYST<\/p>\n\n\n\n<p class=\"wp-block-paragraph\"><strong>Onsdag den 29. oktober kl. 10.30-11.30<\/strong><\/p>\n\n\n\n<p class=\"has-text-color has-link-color wp-elements-2 wp-block-paragraph\" style=\"color:#0f00ff\">Aflyst &#8211; erstatet af indvielse af PARKEN i Hospitalshaven den 31.oktober 2025<br><\/p>\n\n\n\n<p class=\"wp-block-paragraph\"><strong>P\u00e5 g\u00e5tur med&nbsp;borgmester&nbsp;Micheal Vindfeldt&nbsp; i Hospitalshaven<\/strong><\/p>\n\n\n\n<p style=\"text-decoration:line-through\" class=\"wp-block-paragraph\">F\u00f8r sommeferien gik vi en meget sp\u00e6ndende og informativ tur med en embedsmand.Nu har vi f\u00e5et lejlighed til at g\u00e5r en tur med en politiker, som jo sammen med&nbsp;kommunalbestyrelsen, har indflydelse p\u00e5, om der kommer seniorbof\u00e6lleskaber i Hospitalshaven.<\/p>\n\n\n\n<p style=\"text-decoration:line-through\" class=\"wp-block-paragraph\"><strong>S\u00e5 st\u00f8t op om dette tiltag, som jo tager plads i en travl&nbsp;borgmester&nbsp;kalender.<\/strong><\/p>\n\n\n\n<p style=\"text-decoration:line-through\" class=\"wp-block-paragraph\">M\u00f8dested: Foran hovedindgangen p\u00e5 Ndr.Fasanvej.<\/p>\n\n\n\n<p class=\"wp-block-paragraph\"><strong>Du skal tilmelde dig i kalenderen.<\/strong><\/p>\n\n\n\n<p class=\"wp-block-paragraph\"><\/p>\n\n\n\n<p class=\"wp-block-paragraph\"><strong>P\u00e5 gensyn<\/strong><\/p>\n\n\n\n<p class=\"wp-block-paragraph\"><strong>P\u00e5 bestyrelsens vegne<\/strong><\/p>\n\n\n\n<p class=\"wp-block-paragraph\"><strong>Birgitte Franck<\/strong><\/p>\n\n\n<div  class=\"tribe-block tribe-block__event-price\" >\n\t\t<\/div>\n\n\n\n\n<div  class=\"tribe-block tribe-block__venue tribe-clearfix\" >\n\t\n\t\t\n\t<\/div>\n\n\n\n\n\t<div  class=\"tribe-block tribe-block__events-link\" >\n\t\t<div class=\"tribe-events tribe-common\">\n\t\t\t<div class=\"tribe-events-c-subscribe-dropdown__container\">\n\t\t\t\t<div class=\"tribe-events-c-subscribe-dropdown\">\n\t\t\t\t\t<div class=\"tribe-common-c-btn-border tribe-events-c-subscribe-dropdown__button\">\n\t\t\t\t\t\t<svg\n\t class=\"tribe-common-c-svgicon tribe-common-c-svgicon--cal-export tribe-events-c-subscribe-dropdown__export-icon\" \taria-hidden=\"true\"\n\tviewBox=\"0 0 23 17\"\n\txmlns=\"http:\/\/www.w3.org\/2000\/svg\"\n>\n\t<path fill-rule=\"evenodd\" clip-rule=\"evenodd\" d=\"M.128.896V16.13c0 .211.145.383.323.383h15.354c.179 0 .323-.172.323-.383V.896c0-.212-.144-.383-.323-.383H.451C.273.513.128.684.128.896Zm16 6.742h-.901V4.679H1.009v10.729h14.218v-3.336h.901V7.638ZM1.01 1.614h14.218v2.058H1.009V1.614Z\" \/>\n\t<path d=\"M20.5 9.846H8.312M18.524 6.953l2.89 2.909-2.855 2.855\" stroke-width=\"1.2\" stroke-linecap=\"round\" stroke-linejoin=\"round\"\/>\n<\/svg>\n\t\t\t\t\t\t<button\n\t\t\t\t\t\t\tclass=\"tribe-events-c-subscribe-dropdown__button-text\"\n\t\t\t\t\t\t\taria-expanded=\"false\"\n\t\t\t\t\t\t\taria-controls=\"tribe-events-subscribe-dropdown-content\"\n\t\t\t\t\t\t\taria-label=\"Se links til at tilf\u00f8je begivenheder til din kalender\"\n\t\t\t\t\t\t>\n\t\t\t\t\t\t\tTilf\u00f8j til kalender\t\t\t\t\t\t<\/button>\n\t\t\t\t\t\t<svg\n\t class=\"tribe-common-c-svgicon tribe-common-c-svgicon--caret-down tribe-events-c-subscribe-dropdown__button-icon\" \taria-hidden=\"true\"\n\tviewBox=\"0 0 10 7\"\n\txmlns=\"http:\/\/www.w3.org\/2000\/svg\"\n>\n\t<path fill-rule=\"evenodd\" clip-rule=\"evenodd\" d=\"M1.008.609L5 4.6 8.992.61l.958.958L5 6.517.05 1.566l.958-.958z\" class=\"tribe-common-c-svgicon__svg-fill\"\/>\n<\/svg>\n\t\t\t\t\t<\/div>\n\t\t\t\t\t<div id=\"tribe-events-subscribe-dropdown-content\" class=\"tribe-events-c-subscribe-dropdown__content\">\n\t\t\t\t\t\t<ul class=\"tribe-events-c-subscribe-dropdown__list\">\n\t\t\t\t\t\t\t\t\t\t\t\t\t\t\t<li class=\"tribe-events-c-subscribe-dropdown__list-item tribe-events-c-subscribe-dropdown__list-item--gcal\">\n\t\t\t\t\t\t\t\t\t<a\n\t\t\t\t\t\t\t\t\t\thref=\"\"\n\t\t\t\t\t\t\t\t\t\tclass=\"tribe-events-c-subscribe-dropdown__list-item-link\"\n\t\t\t\t\t\t\t\t\t\ttarget=\"_blank\"\n\t\t\t\t\t\t\t\t\t\trel=\"noopener noreferrer nofollow noindex\"\n\t\t\t\t\t\t\t\t\t>\n\t\t\t\t\t\t\t\t\t\tGoogle kalender\t\t\t\t\t\t\t\t\t<\/a>\n\t\t\t\t\t\t\t\t<\/li>\n\t\t\t\t\t\t\t\t\t\t\t\t\t\t\t<li class=\"tribe-events-c-subscribe-dropdown__list-item tribe-events-c-subscribe-dropdown__list-item--ical\">\n\t\t\t\t\t\t\t\t\t<a\n\t\t\t\t\t\t\t\t\t\thref=\"\"\n\t\t\t\t\t\t\t\t\t\tclass=\"tribe-events-c-subscribe-dropdown__list-item-link\"\n\t\t\t\t\t\t\t\t\t\ttarget=\"_blank\"\n\t\t\t\t\t\t\t\t\t\trel=\"noopener noreferrer nofollow noindex\"\n\t\t\t\t\t\t\t\t\t>\n\t\t\t\t\t\t\t\t\t\tiCalendar\t\t\t\t\t\t\t\t\t<\/a>\n\t\t\t\t\t\t\t\t<\/li>\n\t\t\t\t\t\t\t\t\t\t\t\t\t\t\t<li class=\"tribe-events-c-subscribe-dropdown__list-item tribe-events-c-subscribe-dropdown__list-item--outlook-365\">\n\t\t\t\t\t\t\t\t\t<a\n\t\t\t\t\t\t\t\t\t\thref=\"\"\n\t\t\t\t\t\t\t\t\t\tclass=\"tribe-events-c-subscribe-dropdown__list-item-link\"\n\t\t\t\t\t\t\t\t\t\ttarget=\"_blank\"\n\t\t\t\t\t\t\t\t\t\trel=\"noopener noreferrer nofollow noindex\"\n\t\t\t\t\t\t\t\t\t>\n\t\t\t\t\t\t\t\t\t\tOutlook 365\t\t\t\t\t\t\t\t\t<\/a>\n\t\t\t\t\t\t\t\t<\/li>\n\t\t\t\t\t\t\t\t\t\t\t\t\t\t\t<li class=\"tribe-events-c-subscribe-dropdown__list-item tribe-events-c-subscribe-dropdown__list-item--outlook-live\">\n\t\t\t\t\t\t\t\t\t<a\n\t\t\t\t\t\t\t\t\t\thref=\"\"\n\t\t\t\t\t\t\t\t\t\tclass=\"tribe-events-c-subscribe-dropdown__list-item-link\"\n\t\t\t\t\t\t\t\t\t\ttarget=\"_blank\"\n\t\t\t\t\t\t\t\t\t\trel=\"noopener noreferrer nofollow noindex\"\n\t\t\t\t\t\t\t\t\t>\n\t\t\t\t\t\t\t\t\t\tOutlook Live\t\t\t\t\t\t\t\t\t<\/a>\n\t\t\t\t\t\t\t\t<\/li>\n\t\t\t\t\t\t\t\t\t\t\t\t\t<\/ul>\n\t\t\t\t\t<\/div>\n\t\t\t\t<\/div>\n\t\t\t<\/div>\n\t\t<\/div>\n\t<\/div>","excerpt":"","slug":"paa-gaatur-med-borgmester-micheal-vindfelt","image":false,"all_day":false,"start_date":"2025-10-29 10:30:00","start_date_details":{"year":"2025","month":"10","day":"29","hour":"10","minutes":"30","seconds":"00"},"end_date":"2025-10-29 11:30:00","end_date_details":{"year":"2025","month":"10","day":"29","hour":"11","minutes":"30","seconds":"00"},"utc_start_date":"2025-10-29 09:30:00","utc_start_date_details":{"year":"2025","month":"10","day":"29","hour":"09","minutes":"30","seconds":"00"},"utc_end_date":"2025-10-29 10:30:00","utc_end_date_details":{"year":"2025","month":"10","day":"29","hour":"10","minutes":"30","seconds":"00"},"timezone":"Europe\/Copenhagen","timezone_abbr":"","cost":"","cost_details":{"currency_symbol":"kr.","currency_code":"DKR","currency_position":"suffix","values":[]},"website":"","show_map":false,"show_map_link":false,"hide_from_listings":false,"sticky":false,"featured":false,"categories":[],"tags":[],"venue":[],"organizer":[],"custom_fields":[],"json_ld":{"@context":"http:\/\/schema.org","@type":"Event","name":"AFLYST P\u00e5 g\u00e5tur med\u00a0borgmester\u00a0Micheal Vindfeldt\u00a0","description":"&lt;p&gt;AFLYST Onsdag den 29. oktober kl. 10.30-11.30 Aflyst - erstatet af indvielse af PARKEN i Hospitalshaven den 31.oktober 2025 P\u00e5 g\u00e5tur med&nbsp;borgmester&nbsp;Micheal Vindfeldt&nbsp; i Hospitalshaven F\u00f8r sommeferien gik vi en [&hellip;]&lt;\/p&gt;\\n","url":"https:\/\/seniorbofrederiksberg.dk\/?tribe_events=paa-gaatur-med-borgmester-micheal-vindfelt","eventAttendanceMode":"https:\/\/schema.org\/OfflineEventAttendanceMode","eventStatus":"https:\/\/schema.org\/EventScheduled","startDate":"2025-10-29T10:30:00+01:00","endDate":"2025-10-29T11:30:00+01:00","performer":"Organization"}}