{"id":3733,"global_id":"seniorbofrederiksberg.dk?id=3733","global_id_lineage":["seniorbofrederiksberg.dk?id=3733"],"author":"1","status":"publish","date":"2025-12-10 15:49:18","date_utc":"2025-12-10 14:49:18","modified":"2025-12-10 15:49:19","modified_utc":"2025-12-10 14:49:19","url":"https:\/\/seniorbofrederiksberg.dk\/?tribe_events=moede-om-almene-boliger-den-19-januar","rest_url":"https:\/\/seniorbofrederiksberg.dk\/index.php?rest_route=\/tribe\/events\/v1\/events\/3733","title":"M\u00f8de om almene boliger \u00a0den 19. januar","description":"<div  class=\"tribe-events-schedule tribe-clearfix\" >\n\t<p class=\"tribe-events-schedule__datetime\">\n\t\t<span class=\"tribe-events-schedule__date tribe-events-schedule__date--start\">\n\t\t\t\t\t<\/span>\n\n\t\t\t\t\t<span class=\"tribe-events-schedule__separator tribe-events-schedule__separator--date\">\n\t\t\t\t @ \t\t\t<\/span>\n\t\t\t<span class=\"tribe-events-schedule__time tribe-events-schedule__time--start\">\n\t\t\t\t\t\t\t<\/span>\n\t\t\n\t\t\t<\/p>\n<\/div>\n\n\n\n<h2 class=\"wp-block-heading\"><strong>M\u00f8de om almene boliger \u00a0den 19. januar\u00a0<\/strong><\/h2>\n\n\n\n<p class=\"wp-block-paragraph\"><strong>kl. 18.00 &#8211; senest 21.00&nbsp;<\/strong><\/p>\n\n\n\n<p class=\"wp-block-paragraph\"><u>Alle\u00a0<\/u>medlemmer i SeniorBo-Frederiksberg er velkomne!<br><strong>Bem\u00e6rk at m\u00f8des afholdes <u>Vodroffsvej \u00a04 A, 1900 Frederiksberg.<\/u><\/strong><\/p>\n\n\n\n<h5 class=\"wp-block-heading\"><strong>HVAD ER ALMENE BOLIGER?<\/strong><\/h5>\n\n\n\n<p class=\"wp-block-paragraph\">En orientering om almene boligselskabers opbygning og hvordan seniorbof\u00e6llesskaber passer ind .<\/p>\n\n\n\n<h5 class=\"wp-block-heading\"><strong>FORDOMME OG FAKTA<\/strong><\/h5>\n\n\n\n<p class=\"wp-block-paragraph\">Lad os se p\u00e5 realiteter og snakke lidt om \u00f8konomi!<br>Aftenens v\u00e6rt er:<br>Jacob M Thomsen Frederiksberg \u00a0 \u00a0 \u00a0 \u00a0 \u00a0\u00a0 \u00a0 \u00a0\u00a0 AlmennyttigeBoligselskab \/ DAB<br><\/p>\n\n\n\n<p class=\"wp-block-paragraph\">P\u00e5 gensyn i fremmede lokaler.<br>Af hensyn til arrangementet er det n\u00f8dvendigt med en tilmelding p\u00e5 kalender-siden.<br>Det giver os ogs\u00e5 en fornemmelse af, hvor mange der er interesseret i denne boligform.\u00a0<br>Vi tror jo, at der begynder at tegne sig nogle m\u00f8nstre for det fremtidige byggere i Hospitalshaven i 2026<\/p>\n\n\n\n<p class=\"wp-block-paragraph\">Birgitte Franck<br>P\u00e5 almengruppens vegne.<\/p>\n\n\n<div  class=\"tribe-block tribe-block__event-price\" >\n\t\t<\/div>\n\n\n\n\n<div  class=\"tribe-block tribe-block__venue tribe-clearfix\" >\n\t\n\t\t\n\t<\/div>\n\n\n\n\n\t<div  class=\"tribe-block tribe-block__events-link\" >\n\t\t<div class=\"tribe-events tribe-common\">\n\t\t\t<div class=\"tribe-events-c-subscribe-dropdown__container\">\n\t\t\t\t<div class=\"tribe-events-c-subscribe-dropdown\">\n\t\t\t\t\t<div class=\"tribe-common-c-btn-border tribe-events-c-subscribe-dropdown__button\">\n\t\t\t\t\t\t<svg\n\t class=\"tribe-common-c-svgicon tribe-common-c-svgicon--cal-export tribe-events-c-subscribe-dropdown__export-icon\" \taria-hidden=\"true\"\n\tviewBox=\"0 0 23 17\"\n\txmlns=\"http:\/\/www.w3.org\/2000\/svg\"\n>\n\t<path fill-rule=\"evenodd\" clip-rule=\"evenodd\" d=\"M.128.896V16.13c0 .211.145.383.323.383h15.354c.179 0 .323-.172.323-.383V.896c0-.212-.144-.383-.323-.383H.451C.273.513.128.684.128.896Zm16 6.742h-.901V4.679H1.009v10.729h14.218v-3.336h.901V7.638ZM1.01 1.614h14.218v2.058H1.009V1.614Z\" \/>\n\t<path d=\"M20.5 9.846H8.312M18.524 6.953l2.89 2.909-2.855 2.855\" stroke-width=\"1.2\" stroke-linecap=\"round\" stroke-linejoin=\"round\"\/>\n<\/svg>\n\t\t\t\t\t\t<button\n\t\t\t\t\t\t\tclass=\"tribe-events-c-subscribe-dropdown__button-text\"\n\t\t\t\t\t\t\taria-expanded=\"false\"\n\t\t\t\t\t\t\taria-controls=\"tribe-events-subscribe-dropdown-content\"\n\t\t\t\t\t\t\taria-label=\"Se links til at tilf\u00f8je begivenheder til din kalender\"\n\t\t\t\t\t\t>\n\t\t\t\t\t\t\tTilf\u00f8j til kalender\t\t\t\t\t\t<\/button>\n\t\t\t\t\t\t<svg\n\t class=\"tribe-common-c-svgicon tribe-common-c-svgicon--caret-down tribe-events-c-subscribe-dropdown__button-icon\" \taria-hidden=\"true\"\n\tviewBox=\"0 0 10 7\"\n\txmlns=\"http:\/\/www.w3.org\/2000\/svg\"\n>\n\t<path fill-rule=\"evenodd\" clip-rule=\"evenodd\" d=\"M1.008.609L5 4.6 8.992.61l.958.958L5 6.517.05 1.566l.958-.958z\" class=\"tribe-common-c-svgicon__svg-fill\"\/>\n<\/svg>\n\t\t\t\t\t<\/div>\n\t\t\t\t\t<div id=\"tribe-events-subscribe-dropdown-content\" class=\"tribe-events-c-subscribe-dropdown__content\">\n\t\t\t\t\t\t<ul class=\"tribe-events-c-subscribe-dropdown__list\">\n\t\t\t\t\t\t\t\t\t\t\t\t\t\t\t<li class=\"tribe-events-c-subscribe-dropdown__list-item tribe-events-c-subscribe-dropdown__list-item--gcal\">\n\t\t\t\t\t\t\t\t\t<a\n\t\t\t\t\t\t\t\t\t\thref=\"\"\n\t\t\t\t\t\t\t\t\t\tclass=\"tribe-events-c-subscribe-dropdown__list-item-link\"\n\t\t\t\t\t\t\t\t\t\ttarget=\"_blank\"\n\t\t\t\t\t\t\t\t\t\trel=\"noopener noreferrer nofollow noindex\"\n\t\t\t\t\t\t\t\t\t>\n\t\t\t\t\t\t\t\t\t\tGoogle kalender\t\t\t\t\t\t\t\t\t<\/a>\n\t\t\t\t\t\t\t\t<\/li>\n\t\t\t\t\t\t\t\t\t\t\t\t\t\t\t<li class=\"tribe-events-c-subscribe-dropdown__list-item tribe-events-c-subscribe-dropdown__list-item--ical\">\n\t\t\t\t\t\t\t\t\t<a\n\t\t\t\t\t\t\t\t\t\thref=\"\"\n\t\t\t\t\t\t\t\t\t\tclass=\"tribe-events-c-subscribe-dropdown__list-item-link\"\n\t\t\t\t\t\t\t\t\t\ttarget=\"_blank\"\n\t\t\t\t\t\t\t\t\t\trel=\"noopener noreferrer nofollow noindex\"\n\t\t\t\t\t\t\t\t\t>\n\t\t\t\t\t\t\t\t\t\tiCalendar\t\t\t\t\t\t\t\t\t<\/a>\n\t\t\t\t\t\t\t\t<\/li>\n\t\t\t\t\t\t\t\t\t\t\t\t\t\t\t<li class=\"tribe-events-c-subscribe-dropdown__list-item tribe-events-c-subscribe-dropdown__list-item--outlook-365\">\n\t\t\t\t\t\t\t\t\t<a\n\t\t\t\t\t\t\t\t\t\thref=\"\"\n\t\t\t\t\t\t\t\t\t\tclass=\"tribe-events-c-subscribe-dropdown__list-item-link\"\n\t\t\t\t\t\t\t\t\t\ttarget=\"_blank\"\n\t\t\t\t\t\t\t\t\t\trel=\"noopener noreferrer nofollow noindex\"\n\t\t\t\t\t\t\t\t\t>\n\t\t\t\t\t\t\t\t\t\tOutlook 365\t\t\t\t\t\t\t\t\t<\/a>\n\t\t\t\t\t\t\t\t<\/li>\n\t\t\t\t\t\t\t\t\t\t\t\t\t\t\t<li class=\"tribe-events-c-subscribe-dropdown__list-item tribe-events-c-subscribe-dropdown__list-item--outlook-live\">\n\t\t\t\t\t\t\t\t\t<a\n\t\t\t\t\t\t\t\t\t\thref=\"\"\n\t\t\t\t\t\t\t\t\t\tclass=\"tribe-events-c-subscribe-dropdown__list-item-link\"\n\t\t\t\t\t\t\t\t\t\ttarget=\"_blank\"\n\t\t\t\t\t\t\t\t\t\trel=\"noopener noreferrer nofollow noindex\"\n\t\t\t\t\t\t\t\t\t>\n\t\t\t\t\t\t\t\t\t\tOutlook Live\t\t\t\t\t\t\t\t\t<\/a>\n\t\t\t\t\t\t\t\t<\/li>\n\t\t\t\t\t\t\t\t\t\t\t\t\t<\/ul>\n\t\t\t\t\t<\/div>\n\t\t\t\t<\/div>\n\t\t\t<\/div>\n\t\t<\/div>\n\t<\/div>","excerpt":"","slug":"moede-om-almene-boliger-den-19-januar","image":false,"all_day":false,"start_date":"2026-01-19 18:00:00","start_date_details":{"year":"2026","month":"01","day":"19","hour":"18","minutes":"00","seconds":"00"},"end_date":"2026-01-19 21:00:00","end_date_details":{"year":"2026","month":"01","day":"19","hour":"21","minutes":"00","seconds":"00"},"utc_start_date":"2026-01-19 17:00:00","utc_start_date_details":{"year":"2026","month":"01","day":"19","hour":"17","minutes":"00","seconds":"00"},"utc_end_date":"2026-01-19 20:00:00","utc_end_date_details":{"year":"2026","month":"01","day":"19","hour":"20","minutes":"00","seconds":"00"},"timezone":"Europe\/Copenhagen","timezone_abbr":"","cost":"","cost_details":{"currency_symbol":"kr.","currency_code":"DKR","currency_position":"suffix","values":[]},"website":"","show_map":false,"show_map_link":false,"hide_from_listings":false,"sticky":false,"featured":false,"categories":[],"tags":[],"venue":[],"organizer":[],"custom_fields":[],"json_ld":{"@context":"http:\/\/schema.org","@type":"Event","name":"M\u00f8de om almene boliger \u00a0den 19. januar","description":"&lt;p&gt;M\u00f8de om almene boliger \u00a0den 19. januar\u00a0 kl. 18.00 - senest 21.00&nbsp; Alle\u00a0medlemmer i SeniorBo-Frederiksberg er velkomne!Bem\u00e6rk at m\u00f8des afholdes Vodroffsvej \u00a04 A, 1900 Frederiksberg. HVAD ER ALMENE BOLIGER? En [&hellip;]&lt;\/p&gt;\\n","url":"https:\/\/seniorbofrederiksberg.dk\/?tribe_events=moede-om-almene-boliger-den-19-januar","eventAttendanceMode":"https:\/\/schema.org\/OfflineEventAttendanceMode","eventStatus":"https:\/\/schema.org\/EventScheduled","startDate":"2026-01-19T18:00:00+01:00","endDate":"2026-01-19T21:00:00+01:00","performer":"Organization"}}