{"id":3244,"date":"2025-04-12T16:04:40","date_gmt":"2025-04-12T14:04:40","guid":{"rendered":"https:\/\/seniorbofrederiksberg.dk\/?p=3244"},"modified":"2025-04-12T19:35:47","modified_gmt":"2025-04-12T17:35:47","slug":"referat-af-generalforsamling-mandag-den-31-marts-2025","status":"publish","type":"post","link":"https:\/\/seniorbofrederiksberg.dk\/?p=3244","title":{"rendered":"Referat af generalforsamling Mandag den 31. Marts 2025"},"content":{"rendered":"\n<h2 class=\"wp-block-heading\"><strong>Referat af generalforsamling i Seniorbo Frederiksberg Mandag den 31. Marts 2025. <\/strong><\/h2>\n\n\n\n<figure class=\"wp-block-image size-large\"><img loading=\"lazy\" decoding=\"async\" width=\"1024\" height=\"508\" src=\"https:\/\/seniorbofrederiksberg.dk\/wp-content\/uploads\/2025\/04\/SeniorBoGeneral2025-1024x508.jpg\" alt=\"\" class=\"wp-image-3256\" srcset=\"https:\/\/seniorbofrederiksberg.dk\/wp-content\/uploads\/2025\/04\/SeniorBoGeneral2025-1024x508.jpg 1024w, https:\/\/seniorbofrederiksberg.dk\/wp-content\/uploads\/2025\/04\/SeniorBoGeneral2025-300x149.jpg 300w, https:\/\/seniorbofrederiksberg.dk\/wp-content\/uploads\/2025\/04\/SeniorBoGeneral2025-768x381.jpg 768w, https:\/\/seniorbofrederiksberg.dk\/wp-content\/uploads\/2025\/04\/SeniorBoGeneral2025-1536x762.jpg 1536w, https:\/\/seniorbofrederiksberg.dk\/wp-content\/uploads\/2025\/04\/SeniorBoGeneral2025-2048x1015.jpg 2048w, https:\/\/seniorbofrederiksberg.dk\/wp-content\/uploads\/2025\/04\/SeniorBoGeneral2025-1320x654.jpg 1320w\" sizes=\"auto, (max-width: 1024px) 100vw, 1024px\" \/><\/figure>\n\n\n\n<p class=\"wp-block-paragraph\">Der var 22 fremm\u00f8dte. <\/p>\n\n\n\n<p class=\"wp-block-paragraph\"><strong>1. Valg  af dirigent og referent<\/strong><\/p>\n\n\n\n<p class=\"wp-block-paragraph\">Torben Groth blev foresl\u00e5et som dirigent og Lisbeth Groth som referent. <br>Forpersonen oplyste, at der jo var tale om et \u00e6gtepar, og spurgte om forsamlingen havde indvendinger imod dette. Det havde ingen, hvorfor begge blev valgt. <br>Dirigenten konstaterede at generalforsamlingen var varslet i nyhedsbrev p\u00e5 hjemmesiden den 21. Januar 2025. Indkaldelsen til generalforsamlingen med dagsorden var modtaget p\u00e5 mail den 16. Marts 25, og \u00e5rsregnskab og budget var fremsendt p\u00e5 mail, med link til hjemmesiden den 26. Marts 25. <br>lflg. vedt\u00e6gterne skal dagsorden, \u00e5rsregnskab, og budget v\u00e6ret udsendt 2 uger inden generalforsamlingen. <br>Dirigenten bad derfor om forsamlingens godkendelse af at erkl\u00e6re generalforsamlingen for lovligt indkaldt, p\u00e5 trods af at bilagene f\u00f8rst var lagt p\u00e5 hjemmesiden 26. Marts 25. Dette blev godkendt. <br>Generalforsamlingen blev herefter erkl\u00e6ret for gyldig. <br>Herefter pr\u00e6senterede den siddende bestyrelse sig og forpersonen fik ordet. <\/p>\n\n\n\n<p class=\"wp-block-paragraph\"><strong>2. Formandens beretning<\/strong><\/p>\n\n\n\n<p class=\"wp-block-paragraph\">Skriftlig beretning var fremsendt til medlemmerne som et link til hjemmesiden. Birgitte Franck aflagde en supplerende mundtlig beretning. <br>Bestyrelsen er i f\u00e6rd med at revidere foreningens form\u00e5l mm, da tiden er forandret siden etableringen. <br>Vedr. Byggeriet p\u00e5 Fasanvej 45 er investor bedt om at pille den \u00f8verste etage af. Hvorfor projektet er pt er uklart. <br>Byggeriet p\u00e5 Fasanvej 99 har s\u00f8gt dispensation fra kravet om etablering af P- k\u00e6lder. ByggerietFasanvej 26 er undervejs. Er man mere interesseret i en af de sidste andele, kan man se dem p\u00e5 &#8220;byggef\u00e6llesskab.dk&#8221;. <\/p>\n\n\n\n<p class=\"wp-block-paragraph\">Foreningen har startet 2 undergrupper, &#8220;almen boliger&#8221; og &#8220;byggef\u00e6llesskaber&#8221;. Disse grupper holder her i for\u00e5ret 2025 m\u00f8der og er i gang med arbejdet. Almen gruppen har samlet en lidt st\u00f8rre gruppe til at arbejde med problematikken. <br>Byggef\u00e6llesskabsgruppen m\u00f8des i april m\u00e5ned. <br><\/p>\n\n\n\n<p class=\"wp-block-paragraph\">I for\u00e5ret har der v\u00e6ret borgerm\u00f8de om kommunalplan 2025, og det meget gl\u00e6delige var, at vi var 12 medlemmer der deltog.  Vigtigt at vi er synlige. <br>Der blev spurgt til hvilket boligselskab der var positivt overfor at etablere seniorbof\u00e6lleskaber. <br>Det er en underafdeling af DAB, &#8211; FAB, der har en afdeling p\u00e5 Peter Grausvej, som almen gruppen har kontaktet, men uden svar endnu. <br>Et sp\u00f8rgsm\u00e5l om hvordan kommunen stiller sig til underskriftindsamlingen vedr. Fasanvej 26. Det ved vi ikke. Hvor mange frederiksbergborgere har vist interesse pt? Det ved vi ikke. Beretningen blev godkendt. <\/p>\n\n\n\n<p class=\"wp-block-paragraph\"><strong>3. \u00c5rsregnskab<\/strong><\/p>\n\n\n\n<p class=\"wp-block-paragraph\">\u00c5rsregnskabet var fremsendt til medlemmerne som et link til hjemmesiden. <br>Kasseren fremlagde \u00e5rsregnskabet. <\/p>\n\n\n\n<p class=\"wp-block-paragraph\">Bestyrelsen har i perioden oprettet en foreningskonto og valgt ny kasserer. Dette er en <br>lidt dyrere l\u00f8sning, men er nu en ren foreningskonto. Kontantkassen er dermed afskaffet. <br>Overleveringen har taget tid og derfor har der v\u00e6ret lidt uklarhed om en enkelt indbetaling. Banken har heller ikke kunnet forklare det. <br>Overleveringen er godkendt af revisorerne. <br>N\u00e6ste \u00e5rs kontingent vil blive trukket 31.1.26, med mindre man melder sig fra automatik\u00ad ordningen. Kasseren anmoder om at flest mulig er tilmeldt automatisk betaling, da \u200bindbetaler er nemmere at identificere end direkte indbetaling via mobile pay. <br>Peter Henriksen fik megen tak for hj\u00e6lpen i forbindelse med overdragelsen. Regnskabet blev godkendt med applaus. <\/p>\n\n\n\n<p class=\"wp-block-paragraph\"><strong>4.  Rettidigt indkomne forslag<\/strong><\/p>\n\n\n\n<p class=\"wp-block-paragraph\">Der var ingen indkomne forslag. <\/p>\n\n\n\n<p class=\"wp-block-paragraph\"><strong>5. Budget, herunder fastl\u00e6ggelse af \u00e5rskontingent<\/strong><\/p>\n\n\n\n<p class=\"wp-block-paragraph\">Budgettet var fremsendt til medlemmerne som link til hjemmesiden. Kasseren fremlagde budgettet. <br>Budget for 2025 blev godkendt, og dermed blev \u00e5rskontingent for 2025 p\u00e5 150 kr vedtaget. <\/p>\n\n\n\n<p class=\"wp-block-paragraph\"><strong>6. Valg af bestyrelsesmedlemmer<\/strong><\/p>\n\n\n\n<p class=\"wp-block-paragraph\">P\u00e5 valg var Birgitte Franck, Ole Vendelbo og Tove Flensborg for en 2 \u00e5rig periode. Alle blev genvalgt med applaus. <br>P\u00e5 valg var Ulla Rasmussen for en 1 \u00e5rig periode. Ulla Rasmussen blev valgt med applaus. <br>Herefter best\u00e5r bestyrelsen i 2025 af:<br>Karen Margrete Rasmussen (p\u00e5 valg i 2026) Ulla Rasmussen (p\u00e5 valg i 2026)<br>Birgitte Franck (p\u00e5 valg i 2027) Ole Vendelbo (p\u00e5 valg i 2027) Tove Flensborg (p\u00e5 valg i 2027)<\/p>\n\n\n\n<p class=\"wp-block-paragraph\"><strong>7. Valg af 2-3 suppleanter. <\/strong><\/p>\n\n\n\n<p class=\"wp-block-paragraph\">P\u00e5 valg var Peter Henriksen. <br>Desuden stillede Henrik Christensen op til valg. Begge blev valgt med applaus<\/p>\n\n\n\n<p class=\"wp-block-paragraph\"><strong>8. Valg af 2 interne revisorer. <\/strong><\/p>\n\n\n\n<p class=\"wp-block-paragraph\">P\u00e5 valg var Torben Groth. <br>Desuden stillede Lone Mikkelsen op til valg. Begge blev valgt med applaus. <br><\/p>\n\n\n\n<p class=\"wp-block-paragraph\">9. <strong>Eventuelt<\/strong><\/p>\n\n\n\n<p class=\"wp-block-paragraph\">Karen Margrete Rasmussen orienterede om foreningens miniferie i 2024 til N\u00e6stved. <br>Der blev opfordret til at nogle medlemmer meldte sig til at arrangere en tilsvarende miniferie i 2025. <br>R\u00f8rvig kursuscenter er forh\u00e5ndsbooket i uge 34, august 2025. Ingen meldte sig, s\u00e5 der bliver ingen miniferie i 2025. <br>Torben Groth anbefalede muligheden for et &#8220;H\u00f8jskoleophold&#8221; p\u00e5 2 uger med rejsebureauet Albatros, hvor man kunne rejse sammen. I oktober 2025 er der fx en tur til Albanien, hvor 4 af vores medlemmer har tilmeldt sig. <br>Ulla Rasmussen orienterede om Byggef\u00e6llesskabsgruppen, hvor der pt kun er 2 deltagere i arbejdsgruppen. Der blev opfordret til at flere melder sig til at v\u00e6re aktive i gruppen. <br>L\u00e6s mere p\u00e5 hjemmesiden under &#8220;opslagstavlen&#8221; om det kommende m\u00f8de den 7. April 2025. Dirigenten takkede for god ro og orden og erkl\u00e6rede generalforsamlingen for afsluttet. <\/p>\n\n\n\n<p class=\"wp-block-paragraph\">Frederiksberg den 1. April 2025.<\/p>\n\n\n\n<figure class=\"wp-block-image size-large\"><img loading=\"lazy\" decoding=\"async\" width=\"1024\" height=\"423\" src=\"https:\/\/seniorbofrederiksberg.dk\/wp-content\/uploads\/2025\/04\/Torben-lisbeth-birgitte-1024x423.png\" alt=\"\" class=\"wp-image-3246\" srcset=\"https:\/\/seniorbofrederiksberg.dk\/wp-content\/uploads\/2025\/04\/Torben-lisbeth-birgitte-1024x423.png 1024w, https:\/\/seniorbofrederiksberg.dk\/wp-content\/uploads\/2025\/04\/Torben-lisbeth-birgitte-300x124.png 300w, https:\/\/seniorbofrederiksberg.dk\/wp-content\/uploads\/2025\/04\/Torben-lisbeth-birgitte-768x318.png 768w, https:\/\/seniorbofrederiksberg.dk\/wp-content\/uploads\/2025\/04\/Torben-lisbeth-birgitte-1536x635.png 1536w, https:\/\/seniorbofrederiksberg.dk\/wp-content\/uploads\/2025\/04\/Torben-lisbeth-birgitte-1320x546.png 1320w, https:\/\/seniorbofrederiksberg.dk\/wp-content\/uploads\/2025\/04\/Torben-lisbeth-birgitte.png 1848w\" sizes=\"auto, (max-width: 1024px) 100vw, 1024px\" \/><\/figure>\n\n\n\n<p class=\"wp-block-paragraph\"><a href=\"https:\/\/seniorbofrederiksberg.dk\/wp-content\/uploads\/2025\/04\/SeniorBoReferartBeneralforsamling2025pdf.pdf\" data-type=\"link\" data-id=\"https:\/\/seniorbofrederiksberg.dk\/wp-content\/uploads\/2025\/04\/SeniorBoReferartBeneralforsamling2025pdf.pdf\">Link til underskrevet dokument<\/a><\/p>\n\n\n\n<p class=\"wp-block-paragraph\"><\/p>\n","protected":false},"excerpt":{"rendered":"<p>Referat af generalforsamling i Seniorbo Frederiksberg Mandag den 31. Marts 2025. Der var 22 fremm\u00f8dte. 1. Valg af dirigent og referent Torben Groth blev foresl\u00e5et som dirigent og Lisbeth Groth [&hellip;]<\/p>\n","protected":false},"author":1,"featured_media":0,"comment_status":"open","ping_status":"open","sticky":false,"template":"","format":"standard","meta":{"_EventAllDay":false,"_EventTimezone":"","_EventStartDate":"","_EventEndDate":"","_EventStartDateUTC":"","_EventEndDateUTC":"","_EventShowMap":false,"_EventShowMapLink":false,"_EventURL":"","_EventCost":"","_EventCostDescription":"","_EventCurrencySymbol":"","_EventCurrencyCode":"","_EventCurrencyPosition":"","_EventDateTimeSeparator":"","_EventTimeRangeSeparator":"","_EventOrganizerID":[],"_EventVenueID":[],"_OrganizerEmail":"","_OrganizerPhone":"","_OrganizerWebsite":"","_VenueAddress":"","_VenueCity":"","_VenueCountry":"","_VenueProvince":"","_VenueState":"","_VenueZip":"","_VenuePhone":"","_VenueURL":"","_VenueStateProvince":"","_VenueLat":"","_VenueLng":"","_VenueShowMap":false,"_VenueShowMapLink":false,"footnotes":""},"categories":[7,57,31,1],"tags":[],"class_list":["post-3244","post","type-post","status-publish","format-standard","hentry","category-dokumenter","category-forside","category-referart","category-uncategorized"],"_links":{"self":[{"href":"https:\/\/seniorbofrederiksberg.dk\/index.php?rest_route=\/wp\/v2\/posts\/3244","targetHints":{"allow":["GET"]}}],"collection":[{"href":"https:\/\/seniorbofrederiksberg.dk\/index.php?rest_route=\/wp\/v2\/posts"}],"about":[{"href":"https:\/\/seniorbofrederiksberg.dk\/index.php?rest_route=\/wp\/v2\/types\/post"}],"author":[{"embeddable":true,"href":"https:\/\/seniorbofrederiksberg.dk\/index.php?rest_route=\/wp\/v2\/users\/1"}],"replies":[{"embeddable":true,"href":"https:\/\/seniorbofrederiksberg.dk\/index.php?rest_route=%2Fwp%2Fv2%2Fcomments&post=3244"}],"version-history":[{"count":9,"href":"https:\/\/seniorbofrederiksberg.dk\/index.php?rest_route=\/wp\/v2\/posts\/3244\/revisions"}],"predecessor-version":[{"id":3274,"href":"https:\/\/seniorbofrederiksberg.dk\/index.php?rest_route=\/wp\/v2\/posts\/3244\/revisions\/3274"}],"wp:attachment":[{"href":"https:\/\/seniorbofrederiksberg.dk\/index.php?rest_route=%2Fwp%2Fv2%2Fmedia&parent=3244"}],"wp:term":[{"taxonomy":"category","embeddable":true,"href":"https:\/\/seniorbofrederiksberg.dk\/index.php?rest_route=%2Fwp%2Fv2%2Fcategories&post=3244"},{"taxonomy":"post_tag","embeddable":true,"href":"https:\/\/seniorbofrederiksberg.dk\/index.php?rest_route=%2Fwp%2Fv2%2Ftags&post=3244"}],"curies":[{"name":"wp","href":"https:\/\/api.w.org\/{rel}","templated":true}]}}