{"id":3482,"date":"2025-06-23T15:01:43","date_gmt":"2025-06-23T13:01:43","guid":{"rendered":"https:\/\/seniorbofrederiksberg.dk\/?p=3482"},"modified":"2025-06-23T15:13:54","modified_gmt":"2025-06-23T13:13:54","slug":"verdenskendt-arkitekt-paa-besoeg-i-stormly","status":"publish","type":"post","link":"https:\/\/seniorbofrederiksberg.dk\/?p=3482","title":{"rendered":"Verdenskendt arkitekt p\u00e5 bes\u00f8g i Stormly"},"content":{"rendered":"\n<p class=\"wp-block-paragraph\"><strong><u>VI F\u00c5R BES\u00d8G AF ARKITEKT mm.&nbsp;JAN GEHL P\u00c5 F\u00c6LLESM\u00d8DET DEN 18. SEPTEMBER KL. 18.00<\/u><\/strong><\/p>\n\n\n\n<p class=\"wp-block-paragraph\"><em>F\u00f8rst til m\u00f8lle-princippet &#8211; Book dig ind p\u00e5 datoen p\u00e5 kalenderen, det er ikke sikkert at der er plads til alle.<\/em> Efter indl\u00e6gget er der r\u00f8dvin og\u00a0mazarinkage. Ingen f\u00e6llesspisning p\u00e5 denne dag.<\/p>\n\n\n\n<figure class=\"wp-block-image size-full\"><img loading=\"lazy\" decoding=\"async\" width=\"320\" height=\"213\" src=\"https:\/\/seniorbofrederiksberg.dk\/wp-content\/uploads\/2025\/06\/image-7.jpeg\" alt=\"\" class=\"wp-image-3483\" srcset=\"https:\/\/seniorbofrederiksberg.dk\/wp-content\/uploads\/2025\/06\/image-7.jpeg 320w, https:\/\/seniorbofrederiksberg.dk\/wp-content\/uploads\/2025\/06\/image-7-300x200.jpeg 300w\" sizes=\"auto, (max-width: 320px) 100vw, 320px\" \/><\/figure>\n\n\n\n<ul class=\"wp-block-list\">\n<li>Jan Gehl f\u00f8dt 1936. Arkitekt. Professor emeritus Kunstakademiets Arkitektskole (1966-2006).<\/li>\n\n\n\n<li>Founding Partner Gehl Architects APS (2000-2016).\u00a0<\/li>\n\n\n\n<li>Adjungeret Professor Aarhus Arkitektskole (2022- )&nbsp;&nbsp;&nbsp;&nbsp;&nbsp;&nbsp;&nbsp;&nbsp;&nbsp;&nbsp;&nbsp;&nbsp;&nbsp;&nbsp;&nbsp;&nbsp;&nbsp;&nbsp;<\/li>\n\n\n\n<li>Forfatter:&nbsp;<em>Livet mellem husene, Byens rum-byens liv, Nye byrum, Det nye byliv, Byer for mennesker, Den menneskelige dimension og God by -Kort fortalt.<\/em><\/li>\n\n\n\n<li>St\u00f8rre &nbsp; med Gehl Architects bl.a. i K\u00f8benhavn, Melbourne, Sydney, London, Moskva og New York.<\/li>\n\n\n\n<li>Tildelt&nbsp;<em>Sir Patrick Abercrombie Prize&nbsp;<\/em>fra International Union of Architects,&nbsp;<em>C.F. Hansen Medaljen&nbsp;<\/em>fra Det Kongelige Danske Kunstakademi<em>,&nbsp;<\/em><\/li>\n\n\n\n<li><em>Key for the City of Sydney,&nbsp;<\/em><\/li>\n\n\n\n<li>\u00e6resdoktor ved Universiteterne i Edinburgh, Toronto, Varna og Halifax,&nbsp;<\/li>\n\n\n\n<li>\u00e6resmedlem af arkitektforeningerne i Danmark, England, Scotland, Irland, USA og Canada samt planl\u00e6gningsinstitutterne i Irland og Australien.<\/li>\n\n\n\n<li>Den nyeste bog:&nbsp;Camilla van Deurs og Jahn Gehl: GOD BY&nbsp;&#8211; KORT FORTALT (arkitektforeningens forlag&nbsp;2025)<\/li>\n\n\n\n<li><\/li>\n<\/ul>\n\n\n\n<p class=\"wp-block-paragraph\">P\u00e5 Bestyrelsens vegne &#8211; Birgitte Franck<\/p>\n","protected":false},"excerpt":{"rendered":"<p>VI F\u00c5R BES\u00d8G AF ARKITEKT mm.&nbsp;JAN GEHL P\u00c5 F\u00c6LLESM\u00d8DET DEN 18. SEPTEMBER KL. 18.00 F\u00f8rst til m\u00f8lle-princippet &#8211; Book dig ind p\u00e5 datoen p\u00e5 kalenderen, det er ikke sikkert at [&hellip;]<\/p>\n","protected":false},"author":7,"featured_media":0,"comment_status":"open","ping_status":"open","sticky":false,"template":"","format":"standard","meta":{"_EventAllDay":false,"_EventTimezone":"","_EventStartDate":"","_EventEndDate":"","_EventStartDateUTC":"","_EventEndDateUTC":"","_EventShowMap":false,"_EventShowMapLink":false,"_EventURL":"","_EventCost":"","_EventCostDescription":"","_EventCurrencySymbol":"","_EventCurrencyCode":"","_EventCurrencyPosition":"","_EventDateTimeSeparator":"","_EventTimeRangeSeparator":"","_EventOrganizerID":[],"_EventVenueID":[],"_OrganizerEmail":"","_OrganizerPhone":"","_OrganizerWebsite":"","_VenueAddress":"","_VenueCity":"","_VenueCountry":"","_VenueProvince":"","_VenueState":"","_VenueZip":"","_VenuePhone":"","_VenueURL":"","_VenueStateProvince":"","_VenueLat":"","_VenueLng":"","_VenueShowMap":false,"_VenueShowMapLink":false,"footnotes":""},"categories":[57,1],"tags":[],"class_list":["post-3482","post","type-post","status-publish","format-standard","hentry","category-forside","category-uncategorized"],"_links":{"self":[{"href":"https:\/\/seniorbofrederiksberg.dk\/index.php?rest_route=\/wp\/v2\/posts\/3482","targetHints":{"allow":["GET"]}}],"collection":[{"href":"https:\/\/seniorbofrederiksberg.dk\/index.php?rest_route=\/wp\/v2\/posts"}],"about":[{"href":"https:\/\/seniorbofrederiksberg.dk\/index.php?rest_route=\/wp\/v2\/types\/post"}],"author":[{"embeddable":true,"href":"https:\/\/seniorbofrederiksberg.dk\/index.php?rest_route=\/wp\/v2\/users\/7"}],"replies":[{"embeddable":true,"href":"https:\/\/seniorbofrederiksberg.dk\/index.php?rest_route=%2Fwp%2Fv2%2Fcomments&post=3482"}],"version-history":[{"count":1,"href":"https:\/\/seniorbofrederiksberg.dk\/index.php?rest_route=\/wp\/v2\/posts\/3482\/revisions"}],"predecessor-version":[{"id":3484,"href":"https:\/\/seniorbofrederiksberg.dk\/index.php?rest_route=\/wp\/v2\/posts\/3482\/revisions\/3484"}],"wp:attachment":[{"href":"https:\/\/seniorbofrederiksberg.dk\/index.php?rest_route=%2Fwp%2Fv2%2Fmedia&parent=3482"}],"wp:term":[{"taxonomy":"category","embeddable":true,"href":"https:\/\/seniorbofrederiksberg.dk\/index.php?rest_route=%2Fwp%2Fv2%2Fcategories&post=3482"},{"taxonomy":"post_tag","embeddable":true,"href":"https:\/\/seniorbofrederiksberg.dk\/index.php?rest_route=%2Fwp%2Fv2%2Ftags&post=3482"}],"curies":[{"name":"wp","href":"https:\/\/api.w.org\/{rel}","templated":true}]}}