{"id":3494,"date":"2025-06-24T09:34:01","date_gmt":"2025-06-24T07:34:01","guid":{"rendered":"https:\/\/seniorbofrederiksberg.dk\/?p=3494"},"modified":"2025-06-26T17:51:37","modified_gmt":"2025-06-26T15:51:37","slug":"rundvisning-og-faellesmoede-19-juni-2025","status":"publish","type":"post","link":"https:\/\/seniorbofrederiksberg.dk\/?p=3494","title":{"rendered":"Rundvisning og f\u00e6llesm\u00f8de 19. juni 2025."},"content":{"rendered":"\n<p class=\"wp-block-paragraph\">Vores m\u00f8de startede med en tur i Hospitalshaven, som jo er det nye navn for Frederiksberg Hospital.\u00a0Kommunens arkitekt\u00a0Ragnhild Ladegaard Nielsen kom med en lille introduktion til hele projektet, f\u00f8r vi i samlet flok begav os hen mod det sted, hvor bygge\/renoveringsplaner for etape 1 starter ca. midt i 2027.<\/p>\n\n\n\n<figure class=\"wp-block-image size-full\"><img loading=\"lazy\" decoding=\"async\" width=\"690\" height=\"545\" src=\"https:\/\/seniorbofrederiksberg.dk\/wp-content\/uploads\/2025\/06\/image.png\" alt=\"\" class=\"wp-image-3497\" srcset=\"https:\/\/seniorbofrederiksberg.dk\/wp-content\/uploads\/2025\/06\/image.png 690w, https:\/\/seniorbofrederiksberg.dk\/wp-content\/uploads\/2025\/06\/image-300x237.png 300w\" sizes=\"auto, (max-width: 690px) 100vw, 690px\" \/><\/figure>\n\n\n\n<p class=\"wp-block-paragraph\">Her fik vi en meget fin beskrivelse af de kommende planer. Omr\u00e5det i 1.etape er ret stort og indeholder ogs\u00e5 Hj\u00e6lpemiddelcentret og nogle af de \u00e6ldre huse, som psykiatrien benytter i \u00f8jeblikket.<\/p>\n\n\n\n<p class=\"wp-block-paragraph\">Vi fik informationer om en helt ny r\u00f8rf\u00f8ring med separate r\u00f8r til regnvand og til brugsvand med en lavere freml\u00f8bstemperatur til fjernvarme end hidtil. Det lyder fint og fremtidssikret. Men nu skal der bydes ind p\u00e5 dette arbejde, som man regner med, er gennemf\u00f8rt sommeren 2027. Der skal ogs\u00e5 v\u00e6re en underjordisk parkeringsplads i dette omr\u00e5de, som jo skal st\u00e5 f\u00e6rdig, f\u00f8r man kan bygge ovenp\u00e5.<\/p>\n\n\n\n<p class=\"wp-block-paragraph\">Det forlyder, at de nye huse bliver p\u00e5 4 etager. Kommunens plan er at 25% af boligerne &#8211; fordelt p\u00e5 hele grunden &#8211; skal v\u00e6re almene boliger. Vi ved fortsat ikke, hvorn\u00e5r grundstykkerne bliver udbudt til salg. Der var mange medlemmer der gav udtryk for, at de sagtens kunne se sig selv blive beboere&nbsp;i netop dette omr\u00e5de.<\/p>\n\n\n\n<p class=\"wp-block-paragraph\">Til sidst fik vi et hurtigt kik ind i \u201c Vaskehuset \u201c, som man endnu ikke ved om skal bevares. Men man fik indtryk af hvor store \u00e6ndringer der skal ske med nogle bygninger, f\u00f8r de kan blive tryllet om til boliger.<\/p>\n\n\n\n<p class=\"wp-block-paragraph\">En stor tak til Ragnhild for at vise os et omr\u00e5de, hvor nogle af os m\u00e5ske kommer til at bo ad \u00e5re?<\/p>\n\n\n\n<p class=\"wp-block-paragraph\">Dern\u00e6st fortsatte vi ned til Stormly, hvor vi brugte den f\u00f8rste time til&nbsp;f\u00e6llesspisning og hygge. Det var faktisk lidt sv\u00e6rt at afbryde dette punkt, fordi alle s\u00e5 ud til at have det s\u00e5 rart. Men vi havde jo meddelelser af forskellig art, som vi fandt det vigtig at viderebringe:<\/p>\n\n\n\n<ul class=\"wp-block-list\">\n<li>Birgitte tog udgangspunkt i pjecen: N\u00e5r boligen skal matche livet. Papirpjecen blev delt ud p\u00e5 m\u00f8det. I kan ogs\u00e5 finde den p\u00e5 nettet.<\/li>\n\n\n\n<li>Ole fortalte om den snak vi har haft i bestyrelsen med Rasmus Holme Nielsen (medlem af kommunalbestyrelsen) om Hospitalsgrunden. Rasmus fik nogle punkter med hjem, som han skal\u00a0unders\u00f8ge n\u00e6rmere.<\/li>\n\n\n\n<li>Peter og Ulla fortalte om bof\u00e6llesskabsprojektet i Sydhavnen p\u00e5 Stejlepladsen. De var enige om, at projektet var sp\u00e6ndende, men l\u00e5 for langt v\u00e6k fra\u00a0forretninger og offentlig transport. Nogle ting som vi b\u00f8r t\u00e6nke meget p\u00e5 som \u00e6ldre. S\u00e5 det er\u00a0fortsat Frederiksberg, der t\u00e6ller.<\/li>\n\n\n\n<li>Tove kunne fort\u00e6lle, at gruppen omkring ejer\/ andel fortsat arbejder med at kontakte forskellige bygherrer og\/eller arkitektfirmaer.<\/li>\n\n\n\n<li>Birgitte at almengruppen holder l\u00f8bende m\u00f8der og gerne vil m\u00f8des med FFB.<\/li>\n\n\n\n<li>Lisbeth M. redegjorde for det nyeste omkring Solbjerg Park, som hun skal flytte ind i. Referatet g\u00e5r ikke ind i enkeltheder, men vi kan konkludere:\u00a0at man p\u00e5 et tidligt tidspunkt skal have en advokat ind over byggeprojekter\/ ejendomshandlere m.v. og at projektet \u201c Ved Gravens\u00a0Rand &#8220;, som det hed tidligere, b\u00f8r evalueres\u00a0grundigt.<\/li>\n\n\n\n<li>Birgitte: hvad ang\u00e5r Nrd. Fasanvej 99, har bygherre f\u00e5et dispensation til at undlade at bygge parkeringsk\u00e6lder, hvilket fik nogle af vores medlemmer til klart at give udtryk for, at de kun ville kunne bo i en lejlighed med tilh\u00f8rende parkeringsmuligheder.\u00a0<\/li>\n\n\n\n<li>P\u00e5 selve m\u00f8det kunne vi ikke fort\u00e6lle nyt om Ndr.\u00a0Fasanvej 45. Det skal dog tilf\u00f8jes, at der er forskellige\u00a0problematikker med dette byggeri, hvad ang\u00e5r kommunens krav om de 25% almene boliger. Sagen kommer ikke videre f\u00f8r efter\u00a0kommunevalget.<\/li>\n\n\n\n<li>Grete havde fulgt vores anmodning om at medbringe\u00a0en sang &#8211; som altid nye, politiske tekster til \u00e6ldre melodier -\u201dTr\u00e6k en\u00a0gammel sweater\u00a0p\u00e5\u201d. Stor tak til\u00a0kreative input.<\/li>\n\n\n\n<li>Birgitte gjorde til slut opm\u00e6rksom p\u00e5 nye datoer:<\/li>\n\n\n\n<li>F\u00e6llesm\u00f8de den 25. august i Stormly &#8211; vi h\u00e5ber p\u00e5 input fra Ndr. Fasanvej 99<\/li>\n\n\n\n<li>F\u00e6llesm\u00f8de den 18. september i Stormly. Den ber\u00f8mte arkitekt Jan Gehl kommer og tager udgangspunkt i bogen:\u00a0<strong>God by<\/strong><strong>\u202f\u2013 kort fortalt <\/strong>skrevet af Camilla van Deurs &amp; Jan Gehl. Hans b\u00f8ger er oversat til 40 sprog. Vi forventer, at der til dette m\u00f8de nok bliver tr\u00e6ngsel. S\u00e5 meld dig til allerede nu \u2013 efter f\u00f8rst-til-m\u00f8lle-princippet. Ingen f\u00e6llesspisning p\u00e5 denne aften.<\/li>\n\n\n\n<li>Politiker debatm\u00f8de den 25. september kl. 16.30 p\u00e5 Biblioteket p\u00e5 Danasvej. Da det er et offentligt m\u00f8de, kan du ikke melde dig til. Men du kan s\u00e6tte et stort X i din kalender. Lokalet har max plads til 90 personer.\u00a0SeniorBo-Frederiksberg, som arrangerer m\u00f8det, har\u00a0f\u00e5et tilsagn fra alle partier, der sidder i kommunalbestyrelsen. M\u00f8det handler om Seniorbof\u00e6llesskaber, Seniorboliger og livsgl\u00e6de blandt de \u00e6ldre borgere.<\/li>\n\n\n\n<li>Ved generalforsamlingen i marts m\u00e5ned havde et medlem glemt en god vandflaske i st\u00e5l med UNICEF som m\u00e6rke. Ring til Ole p\u00e5 20851302, hvis det er din.<\/li>\n<\/ul>\n\n\n\n<p class=\"wp-block-paragraph\">&nbsp; &nbsp; &nbsp; &nbsp;Referat<\/p>\n\n\n\n<p class=\"wp-block-paragraph\">&nbsp; &nbsp; &nbsp; &nbsp;Birgitte Franck<\/p>\n\n\n\n<p class=\"wp-block-paragraph\"><\/p>\n","protected":false},"excerpt":{"rendered":"<p>Vores m\u00f8de startede med en tur i Hospitalshaven, som jo er det nye navn for Frederiksberg Hospital.\u00a0Kommunens arkitekt\u00a0Ragnhild Ladegaard Nielsen kom med en lille introduktion til hele projektet, f\u00f8r vi [&hellip;]<\/p>\n","protected":false},"author":7,"featured_media":0,"comment_status":"open","ping_status":"open","sticky":false,"template":"","format":"standard","meta":{"_EventAllDay":false,"_EventTimezone":"","_EventStartDate":"","_EventEndDate":"","_EventStartDateUTC":"","_EventEndDateUTC":"","_EventShowMap":false,"_EventShowMapLink":false,"_EventURL":"","_EventCost":"","_EventCostDescription":"","_EventCurrencySymbol":"","_EventCurrencyCode":"","_EventCurrencyPosition":"","_EventDateTimeSeparator":"","_EventTimeRangeSeparator":"","_EventOrganizerID":[],"_EventVenueID":[],"_OrganizerEmail":"","_OrganizerPhone":"","_OrganizerWebsite":"","_VenueAddress":"","_VenueCity":"","_VenueCountry":"","_VenueProvince":"","_VenueState":"","_VenueZip":"","_VenuePhone":"","_VenueURL":"","_VenueStateProvince":"","_VenueLat":"","_VenueLng":"","_VenueShowMap":false,"_VenueShowMapLink":false,"footnotes":""},"categories":[57,1],"tags":[],"class_list":["post-3494","post","type-post","status-publish","format-standard","hentry","category-forside","category-uncategorized"],"_links":{"self":[{"href":"https:\/\/seniorbofrederiksberg.dk\/index.php?rest_route=\/wp\/v2\/posts\/3494","targetHints":{"allow":["GET"]}}],"collection":[{"href":"https:\/\/seniorbofrederiksberg.dk\/index.php?rest_route=\/wp\/v2\/posts"}],"about":[{"href":"https:\/\/seniorbofrederiksberg.dk\/index.php?rest_route=\/wp\/v2\/types\/post"}],"author":[{"embeddable":true,"href":"https:\/\/seniorbofrederiksberg.dk\/index.php?rest_route=\/wp\/v2\/users\/7"}],"replies":[{"embeddable":true,"href":"https:\/\/seniorbofrederiksberg.dk\/index.php?rest_route=%2Fwp%2Fv2%2Fcomments&post=3494"}],"version-history":[{"count":3,"href":"https:\/\/seniorbofrederiksberg.dk\/index.php?rest_route=\/wp\/v2\/posts\/3494\/revisions"}],"predecessor-version":[{"id":3498,"href":"https:\/\/seniorbofrederiksberg.dk\/index.php?rest_route=\/wp\/v2\/posts\/3494\/revisions\/3498"}],"wp:attachment":[{"href":"https:\/\/seniorbofrederiksberg.dk\/index.php?rest_route=%2Fwp%2Fv2%2Fmedia&parent=3494"}],"wp:term":[{"taxonomy":"category","embeddable":true,"href":"https:\/\/seniorbofrederiksberg.dk\/index.php?rest_route=%2Fwp%2Fv2%2Fcategories&post=3494"},{"taxonomy":"post_tag","embeddable":true,"href":"https:\/\/seniorbofrederiksberg.dk\/index.php?rest_route=%2Fwp%2Fv2%2Ftags&post=3494"}],"curies":[{"name":"wp","href":"https:\/\/api.w.org\/{rel}","templated":true}]}}