{"id":3567,"date":"2025-08-30T16:30:35","date_gmt":"2025-08-30T14:30:35","guid":{"rendered":"https:\/\/seniorbofrederiksberg.dk\/?p=3567"},"modified":"2025-08-30T16:32:18","modified_gmt":"2025-08-30T14:32:18","slug":"faellesskab-i-et-eksisterende-byggeri","status":"publish","type":"post","link":"https:\/\/seniorbofrederiksberg.dk\/?p=3567","title":{"rendered":"F\u00e6llesskab i et eksisterende byggeri?"},"content":{"rendered":"\n<p class=\"wp-block-paragraph\">Almengruppen regner med at h\u00f8re noget fra boligselskabet &nbsp;LEJERBO, m\u00e5ske her i starten af september. M\u00e5ske &#8211; og m\u00e5ske ikke &#8211; kunne denne forening forestille sig at lave nogle af lejlighederne p\u00e5 Peter Graus vej om til et Seniorbof\u00e6llesskab.&nbsp;<br><br>Dette skriv for at fremh\u00e6ve nogle positive tanker i det ret vanskelige arbejde omkring samarbejdet med de almene boligselskaber. Dette skal p\u00e5 ingen m\u00e5de misforst\u00e5s. For Lisbeth og jeg er blevet taget um\u00e5deligt godt imod p\u00e5 vores bes\u00f8g hos netop de almene boligselskaber for snart lang tid&nbsp;siden.&nbsp;<br><br>Det er den \u00f8konomiske model disse er underlagt, der er problemet. Denne problematik kan kun l\u00f8ses i Folketinget.Forleden tog jeg en tur forbi<em>&nbsp;Peter Graus Vej,&nbsp;<\/em>som ligge i udkanten af Frederiksberg p\u00e5 gr\u00e6nsen til Vanl\u00f8se lige bag Falkonerg\u00e5rden gymnasium.<br>Her lidt tilbagetrukket fra veje, gemmer der sig et st\u00f8rre byggeri placeret rundt om en stor gr\u00f8n have &#8211; eller m\u00e5ske skulle man n\u00e6rmere sige park. Jeg oplevede, at der var stille, en kvalitet der betyder en hel del for mig. S\u00e5 et sp\u00f8rgsm\u00e5l jeg stillede p\u00e5 vore sidste m\u00f8de i almengruppen: &#8221; Kan man bo i udkanten af Frederiksberg? S\u00e5 vil jeg selv svare ja.&#8221;<br><br>Der er busforbindelser t\u00e6t p\u00e5 og Flintholm Metro ligger ikke s\u00e5 langt v\u00e6k. Finsens vej har flere supermarkeder. <br>Det er jo noget gammel byggeri. Vi har<em><u>&nbsp;aldrig<\/u><\/em> v\u00e6ret indenfor. Udefra ser lejlighederne sm\u00e5 ud. <br>M\u00e5ske burde vores n\u00e6ste&nbsp;skridt v\u00e6re at sp\u00f8rge Lejerbo, om vi m\u00e5tte se en lejlighed? <br>P\u00e5 almengruppens vegne Birgitte Franck<\/p>\n\n\n\n<figure class=\"wp-block-image size-full\"><img loading=\"lazy\" decoding=\"async\" width=\"240\" height=\"320\" src=\"https:\/\/seniorbofrederiksberg.dk\/wp-content\/uploads\/2025\/08\/IMG_4303-rotated.jpeg\" alt=\"\" class=\"wp-image-3568\" srcset=\"https:\/\/seniorbofrederiksberg.dk\/wp-content\/uploads\/2025\/08\/IMG_4303-rotated.jpeg 240w, https:\/\/seniorbofrederiksberg.dk\/wp-content\/uploads\/2025\/08\/IMG_4303-225x300.jpeg 225w\" sizes=\"auto, (max-width: 240px) 100vw, 240px\" \/><\/figure>\n\n\n\n<figure class=\"wp-block-image size-full\"><img loading=\"lazy\" decoding=\"async\" width=\"240\" height=\"320\" src=\"https:\/\/seniorbofrederiksberg.dk\/wp-content\/uploads\/2025\/08\/IMG_4298-rotated.jpeg\" alt=\"\" class=\"wp-image-3569\" srcset=\"https:\/\/seniorbofrederiksberg.dk\/wp-content\/uploads\/2025\/08\/IMG_4298-rotated.jpeg 240w, https:\/\/seniorbofrederiksberg.dk\/wp-content\/uploads\/2025\/08\/IMG_4298-225x300.jpeg 225w\" sizes=\"auto, (max-width: 240px) 100vw, 240px\" \/><\/figure>\n\n\n\n<p class=\"wp-block-paragraph\"><\/p>\n\n\n","protected":false},"excerpt":{"rendered":"<p>Almengruppen regner med at h\u00f8re noget fra boligselskabet &nbsp;LEJERBO, m\u00e5ske her i starten af september. M\u00e5ske &#8211; og m\u00e5ske ikke &#8211; kunne denne forening forestille sig at lave nogle af [&hellip;]<\/p>\n","protected":false},"author":3,"featured_media":0,"comment_status":"open","ping_status":"open","sticky":false,"template":"","format":"standard","meta":{"_EventAllDay":false,"_EventTimezone":"","_EventStartDate":"","_EventEndDate":"","_EventStartDateUTC":"","_EventEndDateUTC":"","_EventShowMap":false,"_EventShowMapLink":false,"_EventURL":"","_EventCost":"","_EventCostDescription":"","_EventCurrencySymbol":"","_EventCurrencyCode":"","_EventCurrencyPosition":"","_EventDateTimeSeparator":"","_EventTimeRangeSeparator":"","_EventOrganizerID":[],"_EventVenueID":[],"_OrganizerEmail":"","_OrganizerPhone":"","_OrganizerWebsite":"","_VenueAddress":"","_VenueCity":"","_VenueCountry":"","_VenueProvince":"","_VenueState":"","_VenueZip":"","_VenuePhone":"","_VenueURL":"","_VenueStateProvince":"","_VenueLat":"","_VenueLng":"","_VenueShowMap":false,"_VenueShowMapLink":false,"footnotes":""},"categories":[36,57,1],"tags":[],"class_list":["post-3567","post","type-post","status-publish","format-standard","hentry","category-almene-boliger","category-forside","category-uncategorized"],"_links":{"self":[{"href":"https:\/\/seniorbofrederiksberg.dk\/index.php?rest_route=\/wp\/v2\/posts\/3567","targetHints":{"allow":["GET"]}}],"collection":[{"href":"https:\/\/seniorbofrederiksberg.dk\/index.php?rest_route=\/wp\/v2\/posts"}],"about":[{"href":"https:\/\/seniorbofrederiksberg.dk\/index.php?rest_route=\/wp\/v2\/types\/post"}],"author":[{"embeddable":true,"href":"https:\/\/seniorbofrederiksberg.dk\/index.php?rest_route=\/wp\/v2\/users\/3"}],"replies":[{"embeddable":true,"href":"https:\/\/seniorbofrederiksberg.dk\/index.php?rest_route=%2Fwp%2Fv2%2Fcomments&post=3567"}],"version-history":[{"count":1,"href":"https:\/\/seniorbofrederiksberg.dk\/index.php?rest_route=\/wp\/v2\/posts\/3567\/revisions"}],"predecessor-version":[{"id":3570,"href":"https:\/\/seniorbofrederiksberg.dk\/index.php?rest_route=\/wp\/v2\/posts\/3567\/revisions\/3570"}],"wp:attachment":[{"href":"https:\/\/seniorbofrederiksberg.dk\/index.php?rest_route=%2Fwp%2Fv2%2Fmedia&parent=3567"}],"wp:term":[{"taxonomy":"category","embeddable":true,"href":"https:\/\/seniorbofrederiksberg.dk\/index.php?rest_route=%2Fwp%2Fv2%2Fcategories&post=3567"},{"taxonomy":"post_tag","embeddable":true,"href":"https:\/\/seniorbofrederiksberg.dk\/index.php?rest_route=%2Fwp%2Fv2%2Ftags&post=3567"}],"curies":[{"name":"wp","href":"https:\/\/api.w.org\/{rel}","templated":true}]}}