{"id":3613,"date":"2025-10-02T20:30:12","date_gmt":"2025-10-02T18:30:12","guid":{"rendered":"https:\/\/seniorbofrederiksberg.dk\/?p=3613"},"modified":"2025-10-02T20:30:13","modified_gmt":"2025-10-02T18:30:13","slug":"gaatur-1-oktober-med-raadmand-nikolaj-boegh","status":"publish","type":"post","link":"https:\/\/seniorbofrederiksberg.dk\/?p=3613","title":{"rendered":"G\u00e5TUR 1. OKTOBER MED R\u00c5DMAND NIKOLAJ B\u00d8GH"},"content":{"rendered":"\n<p class=\"wp-block-paragraph\">Den 1. Oktober var 10 medlemmer af seniorBo-frederiksberg p\u00e5 en rundtur p\u00e5 Frederiksberg med r\u00e5dmand Nikolaj B\u00f8gh, der fortale om begivenheder fra 2. verdenskrig, der knytter sig til Frederiksberg.&nbsp;<br>Vi h\u00f8rte om&nbsp;spr\u00e6ngningen af Forum i august 1943. Rundturen blev meget levende, n\u00e5r vi stod overfor en mindeplade for faldne modstandsfolk og fik deres historie eller da vi stod lige foran et vindue, hvor en tyskervenlig person blev dr\u00e6bt.&nbsp;Vi kikkede ogs\u00e5 gennem ruden til en bilforhandler, som &nbsp;under 2. verdenskrig&nbsp;var tyskervenlig eller fris\u00f8ren, der under klipning af folk snakkede venligt med kunderne. Hvis de omtalte tyskerne negativt skete der m\u00e6rkelige ting med disse kunder, hvor man p\u00e5 et tidspunkt kunne se et m\u00f8nster. Vi h\u00f8rte ogs\u00e5 om den storsl\u00e5ede fejringen af&nbsp;Kong&nbsp;Christian&nbsp;Xs&nbsp;f\u00f8dselsdag i 1940. Vi&nbsp;sluttede foran 4. Majkollegiet.<br>En oplysende tur, hvor&nbsp;Nikolaj B\u00f8gh p\u00e5 en sp\u00e6ndende og berigende m\u00e5de fik sat historien i perspektiv.&nbsp;Der skulle ikke megen fantasi til at se de omtalte begivenheder for sig. En hyggelig snak undervejs h\u00f8rer jo ogs\u00e5 med til konceptet.&nbsp;En k\u00e6mpe tak til Nikolaj B\u00f8gh.<br><br>Skulle der v\u00e6re medlemmer der har&nbsp;ideer til andre vandreture med historisk eller kunsteriske&nbsp;perspektiver p\u00e5 Frederiksberg, s\u00e5 kom gerne med nogle&nbsp;ideer.<br><br>N\u00e6ste planlagte vandretur er planlagt til&nbsp;den 29. oktober&nbsp;med borgmester Michael Vindfeldt.&nbsp;Den handler om Hospitalshaven. M\u00f8dested Ndr. Fasanvej &#8211; ved Hovedinagang.&nbsp;BEM\u00c6RK tid.&nbsp;10.30-11.30. Husk tilmelding p\u00e5 foreningens hjemmeside under&nbsp;den 29. oktober<br>Birgitte Franck<\/p>\n\n\n\n<div class=\"wp-block-group has-global-padding is-layout-constrained wp-block-group-is-layout-constrained\">\n<div class=\"wp-block-columns is-layout-flex wp-container-core-columns-is-layout-9fcaf8c1 wp-block-columns-is-layout-flex\">\n<div class=\"wp-block-column is-layout-flow wp-block-column-is-layout-flow\" style=\"flex-basis:100%\">\n<figure class=\"wp-block-image\"><img loading=\"lazy\" decoding=\"async\" width=\"240\" height=\"320\" src=\"https:\/\/seniorbofrederiksberg.dk\/wp-content\/uploads\/2025\/10\/IMG_4754-rotated.jpeg\" alt=\"\" class=\"wp-image-3619\" srcset=\"https:\/\/seniorbofrederiksberg.dk\/wp-content\/uploads\/2025\/10\/IMG_4754-rotated.jpeg 240w, https:\/\/seniorbofrederiksberg.dk\/wp-content\/uploads\/2025\/10\/IMG_4754-225x300.jpeg 225w\" sizes=\"auto, (max-width: 240px) 100vw, 240px\" \/><\/figure>\n<\/div>\n<\/div>\n<\/div>\n\n\n\n<figure class=\"wp-block-image\"><img loading=\"lazy\" decoding=\"async\" width=\"240\" height=\"320\" src=\"https:\/\/seniorbofrederiksberg.dk\/wp-content\/uploads\/2025\/10\/IMG_4751-rotated.jpeg\" alt=\"\" class=\"wp-image-3620\" srcset=\"https:\/\/seniorbofrederiksberg.dk\/wp-content\/uploads\/2025\/10\/IMG_4751-rotated.jpeg 240w, https:\/\/seniorbofrederiksberg.dk\/wp-content\/uploads\/2025\/10\/IMG_4751-225x300.jpeg 225w\" sizes=\"auto, (max-width: 240px) 100vw, 240px\" \/><\/figure>\n\n\n\n<figure class=\"wp-block-image\"><img loading=\"lazy\" decoding=\"async\" width=\"240\" height=\"320\" src=\"https:\/\/seniorbofrederiksberg.dk\/wp-content\/uploads\/2025\/10\/IMG_4755-rotated.jpeg\" alt=\"\" class=\"wp-image-3618\" srcset=\"https:\/\/seniorbofrederiksberg.dk\/wp-content\/uploads\/2025\/10\/IMG_4755-rotated.jpeg 240w, https:\/\/seniorbofrederiksberg.dk\/wp-content\/uploads\/2025\/10\/IMG_4755-225x300.jpeg 225w\" sizes=\"auto, (max-width: 240px) 100vw, 240px\" \/><\/figure>\n\n\n\n<figure class=\"wp-block-image\"><img loading=\"lazy\" decoding=\"async\" width=\"240\" height=\"320\" src=\"https:\/\/seniorbofrederiksberg.dk\/wp-content\/uploads\/2025\/10\/IMG_4759-rotated.jpeg\" alt=\"\" class=\"wp-image-3617\" srcset=\"https:\/\/seniorbofrederiksberg.dk\/wp-content\/uploads\/2025\/10\/IMG_4759-rotated.jpeg 240w, https:\/\/seniorbofrederiksberg.dk\/wp-content\/uploads\/2025\/10\/IMG_4759-225x300.jpeg 225w\" sizes=\"auto, (max-width: 240px) 100vw, 240px\" \/><\/figure>\n","protected":false},"excerpt":{"rendered":"<p>Den 1. Oktober var 10 medlemmer af seniorBo-frederiksberg p\u00e5 en rundtur p\u00e5 Frederiksberg med r\u00e5dmand Nikolaj B\u00f8gh, der fortale om begivenheder fra 2. verdenskrig, der knytter sig til Frederiksberg.&nbsp;Vi h\u00f8rte [&hellip;]<\/p>\n","protected":false},"author":3,"featured_media":0,"comment_status":"open","ping_status":"open","sticky":false,"template":"","format":"standard","meta":{"_EventAllDay":false,"_EventTimezone":"","_EventStartDate":"","_EventEndDate":"","_EventStartDateUTC":"","_EventEndDateUTC":"","_EventShowMap":false,"_EventShowMapLink":false,"_EventURL":"","_EventCost":"","_EventCostDescription":"","_EventCurrencySymbol":"","_EventCurrencyCode":"","_EventCurrencyPosition":"","_EventDateTimeSeparator":"","_EventTimeRangeSeparator":"","_EventOrganizerID":[],"_EventVenueID":[],"_OrganizerEmail":"","_OrganizerPhone":"","_OrganizerWebsite":"","_VenueAddress":"","_VenueCity":"","_VenueCountry":"","_VenueProvince":"","_VenueState":"","_VenueZip":"","_VenuePhone":"","_VenueURL":"","_VenueStateProvince":"","_VenueLat":"","_VenueLng":"","_VenueShowMap":false,"_VenueShowMapLink":false,"footnotes":""},"categories":[57,1],"tags":[],"class_list":["post-3613","post","type-post","status-publish","format-standard","hentry","category-forside","category-uncategorized"],"_links":{"self":[{"href":"https:\/\/seniorbofrederiksberg.dk\/index.php?rest_route=\/wp\/v2\/posts\/3613","targetHints":{"allow":["GET"]}}],"collection":[{"href":"https:\/\/seniorbofrederiksberg.dk\/index.php?rest_route=\/wp\/v2\/posts"}],"about":[{"href":"https:\/\/seniorbofrederiksberg.dk\/index.php?rest_route=\/wp\/v2\/types\/post"}],"author":[{"embeddable":true,"href":"https:\/\/seniorbofrederiksberg.dk\/index.php?rest_route=\/wp\/v2\/users\/3"}],"replies":[{"embeddable":true,"href":"https:\/\/seniorbofrederiksberg.dk\/index.php?rest_route=%2Fwp%2Fv2%2Fcomments&post=3613"}],"version-history":[{"count":4,"href":"https:\/\/seniorbofrederiksberg.dk\/index.php?rest_route=\/wp\/v2\/posts\/3613\/revisions"}],"predecessor-version":[{"id":3622,"href":"https:\/\/seniorbofrederiksberg.dk\/index.php?rest_route=\/wp\/v2\/posts\/3613\/revisions\/3622"}],"wp:attachment":[{"href":"https:\/\/seniorbofrederiksberg.dk\/index.php?rest_route=%2Fwp%2Fv2%2Fmedia&parent=3613"}],"wp:term":[{"taxonomy":"category","embeddable":true,"href":"https:\/\/seniorbofrederiksberg.dk\/index.php?rest_route=%2Fwp%2Fv2%2Fcategories&post=3613"},{"taxonomy":"post_tag","embeddable":true,"href":"https:\/\/seniorbofrederiksberg.dk\/index.php?rest_route=%2Fwp%2Fv2%2Ftags&post=3613"}],"curies":[{"name":"wp","href":"https:\/\/api.w.org\/{rel}","templated":true}]}}