{"id":4233,"date":"2026-04-30T19:51:32","date_gmt":"2026-04-30T17:51:32","guid":{"rendered":"https:\/\/seniorbofrederiksberg.dk\/?p=4233"},"modified":"2026-04-30T19:51:32","modified_gmt":"2026-04-30T17:51:32","slug":"dagsorden-for-moede-i-andel-7-maj","status":"publish","type":"post","link":"https:\/\/seniorbofrederiksberg.dk\/?p=4233","title":{"rendered":"Dagsorden for m\u00f8de i Andel &#8211; 7. maj"},"content":{"rendered":"\n<p class=\"wp-block-paragraph\">I har tidlligere l\u00e6st om m\u00f8det i interessegruppe Andel 7. maj kl. 19 p\u00e5 Danasvej. Her er den forel\u00f8bige dagsorden: <\/p>\n\n\n\n<ol class=\"wp-block-list\">\n<li>Gensidig pr\u00e6sentation.<\/li>\n\n\n\n<li>Freml\u00e6ggelse af og kommentarer til papiret fra Arbejdsgruppen om vores \u00f8nsker. (se nederst i dette indl\u00e6g)<\/li>\n\n\n\n<li>Orientering om Arbejdsgruppens kontakter til eksterne partnere og interne m\u00f8der.<\/li>\n\n\n\n<li>Freml\u00e6ggelse af og kommentarer til opl\u00e6gget til vedt\u00e6gter (tidligere fremsendt &#8211; ligger nu p\u00e5 hjemmesiden under &#8220;andelsbolig&#8221;<\/li>\n\n\n\n<li>De n\u00e6ste skridt &#8211; herunder stiftende generalforsamling 22. juni (sted og klokkeslet meldes ud senere &#8211; enten Danasvej eller Stormly)<\/li>\n<\/ol>\n\n\n\n<p class=\"wp-block-paragraph\">Husk tilmelding til m\u00f8det 7. maj via kalenderen her p\u00e5 hjemmesiden. Jeg h\u00e5ber, at I alle f\u00e5r en dejlig solrig 1. maj og bededag. <\/p>\n\n\n\n<p class=\"wp-block-paragraph\">Venlig hilsen Ole Vendelbo (208521302)<\/p>\n\n\n\n<p class=\"wp-block-paragraph\">&#8212;&#8212;&#8212;&#8212;&#8212;&#8212;&#8212;&#8212;&#8212;&#8212;&#8212;&#8212;&#8212;&#8212;&#8212;&#8212;&#8212;&#8212;&#8212;&#8212;&#8212;-<strong>Seniorbof\u00e6llesskab p\u00e5 Hospitalsgrunden p\u00e5 andelsbasis<\/strong><\/p>\n\n\n\n<p class=\"wp-block-paragraph\"><em>Opl\u00e6g fra SeniorBo Frederiksberg \u2013 arbejdsgruppe andel \u2013 april 2026<\/em><\/p>\n\n\n\n<p class=\"wp-block-paragraph\"><strong>Hvem er vi?<\/strong><\/p>\n\n\n\n<p class=\"wp-block-paragraph\">Vi er pt. ca. 160 medlemmer af SeniorBo Frederiksberg, og vi har i godt 5 \u00e5r arbejdet for etablering af et eller flere seniorbof\u00e6llesskaber p\u00e5 Frederiksberg &#8211; optimalt p\u00e5 Hospitalsgrunden. Dette papir er skrevet af interessegruppe Andel. &nbsp;<\/p>\n\n\n\n<p class=\"wp-block-paragraph\">Vi foretr\u00e6kker andelsbasis, hvor vi f\u00e5r st\u00f8rst indflydelse p\u00e5 indflytning og drift af bof\u00e6llesskabet. Vi undg\u00e5r, at salget sker p\u00e5 et helt frit marked og kan bedst sikre, at vores v\u00e6rdier om f\u00e6llesskab, b\u00e6re-dygtighed og engagement bevares trods udskiftning af beboerne.<\/p>\n\n\n\n<p class=\"wp-block-paragraph\"><strong>Hvordan skal lejlighederne v\u00e6re<\/strong><\/p>\n\n\n\n<p class=\"wp-block-paragraph\">Vi \u00f8nsker selvst\u00e6ndige boliger med k\u00f8kken og meget gerne med en privat altan. Der skal v\u00e6re ca. 30 lejligheder af forskellig st\u00f8rrelse \u2013 2-, 3- og 4-v\u00e6relses, fra 50 m<sup>2 <\/sup>til 110 m<sup>2 <\/sup>(netto udover 12,5% f\u00e6lles) som giver muligheder for b\u00e5de enlige og par.<\/p>\n\n\n\n<p class=\"wp-block-paragraph\">Lejlighederne b\u00f8r have private opbevaringsrum, et godt lysindfald og indbyggede skabe. Da det formentlig bliver vores sidste bolig, forventer vi en god byggekvalitet. Materialerne m\u00e5 meget gerne v\u00e6re b\u00e6redygtige, f.eks. tr\u00e6 eller genbrugssten, og vi er meget interesserede i solceller og\/eller brug af regnvand. Vi er ogs\u00e5 \u00e5bne for at s\u00e6tte \u00e6ldre bygninger i stand og evt. bygge til disse.<\/p>\n\n\n\n<p class=\"wp-block-paragraph\"><strong>F\u00e6llesskab og f\u00e6lleslokaler<\/strong><\/p>\n\n\n\n<p class=\"wp-block-paragraph\">Seniorbof\u00e6llesskabet etableres for at styrke f\u00e6llesskabet i den tredje alder og for at h\u00f8jne beboernes livskvalitet og modvirke ensomhed. Vi ser for os, at vi er ca. 40 seniorer uden hjemmeboende b\u00f8rn. Alle skal v\u00e6re indstillede p\u00e5 f\u00e6llesskab og deltagelse i en eller flere arbejdsgrupper.<\/p>\n\n\n\n<p class=\"wp-block-paragraph\">Vi forventer desuden at v\u00e6re aktive deltagere i f\u00e6lles aktiviteter bredt i Hospitalshaven, og at bruge de planlagte f\u00e6lles-f\u00e6llesfaciliteter. P\u00e5 den m\u00e5de reducerer vi behovet for store f\u00e6lleslokaler internt i seniorbof\u00e6llesskabet.<\/p>\n\n\n\n<ul class=\"wp-block-list\">\n<li>Vi \u00f8nsker et veludstyret f\u00e6lles k\u00f8kken og en spisestue med plads til, at vi alle kan spise sammen. Spisestuen skal have god akustik og skal ogs\u00e5 kunne bruges til andre arrangementer. Den b\u00f8r kunne sektionsopdeles med skyde- eller foldev\u00e6g.<\/li>\n\n\n\n<li>Vi forestiller os et mindre rum eller hj\u00f8rne med l\u00e6nestole\/sofa, aviser og f\u00e6lles bibliotek.<\/li>\n\n\n\n<li>Vi \u00f8nsker et rum til mindre m\u00f8der med lidt PC- og printerudstyr. Dette rum kan evt. ogs\u00e5 have skabe med br\u00e6tspil, symaskiner mm.<\/li>\n\n\n\n<li>Vi ser for os, at der i f\u00e6llesskab i det kommende minikvarter i Hospitalshaven eller p\u00e5 hele omr\u00e5det etableres mulighed for motion\/yoga og andre hobby-pr\u00e6gede aktiviteter som f.eks. billard.<\/li>\n\n\n\n<li>Udenfor bof\u00e6llesskabet b\u00f8r der i samspil med \u00f8vrige boliger i minikvarteret\/g\u00e5rdlauget v\u00e6re en lille have med mulighed for ophold i form af borde og b\u00e6nke samt bede med blomster og krydderurter. M\u00e5ske ogs\u00e5 et orangeri.<\/li>\n\n\n\n<li>Vi skal have afl\u00e5st plads til cykler i k\u00e6lder eller i skur.<\/li>\n\n\n\n<li>Desuden et mindre rum til v\u00e6rkt\u00f8j, som beboerne stiller til r\u00e5dighed for hinanden.<\/li>\n\n\n\n<li>Vi skal have mulighed for parkering, men her forventer vi at dette klares i den kommende f\u00e6lles parkeringsk\u00e6lder, der etableres under omr\u00e5det.<\/li>\n<\/ul>\n\n\n\n<p class=\"wp-block-paragraph\"><strong>Relationer til omverdenen<\/strong><\/p>\n\n\n\n<p class=\"wp-block-paragraph\">Helt overordnet ser vi en fordel for kommunen i, at vi typisk forlader st\u00f8rre familieboliger, som s\u00e5 \u00e5bner op for \u201dflyttek\u00e6der\u201d til yngre familier.<\/p>\n\n\n\n<p class=\"wp-block-paragraph\">Kommunen vil kunne drage fordel af, at vi forventer at kunne hj\u00e6lpe hinanden i dagligdagen med sm\u00e5 opgaver som indk\u00f8b, lettere h\u00e5ndv\u00e6rksopgaver mm \u2013 dog ikke med den personlige pleje. N\u00e5r denne bliver n\u00f8dvendig, s\u00e5 kan kommunens hjemmehj\u00e6lp spare transporttid p\u00e5 at \u201dklienterne\u201d bor samlet.<\/p>\n\n\n\n<p class=\"wp-block-paragraph\">Vi \u00f8nsker at flytte ind i den f\u00f8rste etape i det nordvestlige hj\u00f8rne af grunden. For os spiller tiden en vigtig rolle, da vi jo ikke har det helt lange tidsperspektiv i vores alder.<\/p>\n\n\n\n<p class=\"wp-block-paragraph\">Vi \u00f8nsker vi ikke at isolere os som \u00e6ldre. Derfor \u00f8nsker vi \u00e5benhed med andre beboere i minikvarteret og Hospitalshaven.&nbsp; Hvis der f.eks. var et aldersintegreret bof\u00e6llesskab t\u00e6t p\u00e5 os, s\u00e5 kunne vi m\u00e5ske have f\u00e6lles drift af nogle faciliteter som v\u00e6rksted, motionsrum og billardk\u00e6lder. Men det kunne ogs\u00e5 v\u00e6re, at vi tog initiativ til f\u00e6lles arrangementer \u2013 filmaften, kortspil, udflugter, l\u00e6seklub, sy- og strikkeklub eller madlavning. Det kunne ogs\u00e5 v\u00e6re hj\u00e6lp til pasning af b\u00f8rn, hente b\u00f8rn i institution mm.<\/p>\n\n\n\n<p class=\"wp-block-paragraph\"><strong>Organisering<\/strong><\/p>\n\n\n\n<p class=\"wp-block-paragraph\">Vi har i forsommeren 2026 dannet en forening, der kan samarbejde med bygherre og arkitekt mm. &nbsp;Her har medlemmerne indbetalt 2000 kr. pr. \u201dinteressent\u201d (enlig eller par) som gennem denne betaling f\u00e5r et \u201danciennitetsnummer\u201d til valg af bolig. Pengene g\u00e5r til det videre samarbejde med tegninger og planl\u00e6gning, og kan derfor ikke forventes tilbagebetalt ved evt. senere udtr\u00e6den.&nbsp;<\/p>\n\n\n\n<p class=\"wp-block-paragraph\">Vi er indstillede p\u00e5, at de interesserede i l\u00f8bet af planl\u00e6gnings- og projekteringsfasen i stigende grad forpligter sig \u00f8konomisk. Men vi kan ikke p\u00e5tage os grundk\u00f8b, mellemfinansiering og byggestyring her har vi brug for professionelle.<\/p>\n\n\n\n<p class=\"wp-block-paragraph\">Vi \u00f8nsker dog i samspil med arkitekt og entrepren\u00f8r at deltage i udformning og indretning af bygning, boliger, f\u00e6lleslokaler og udeareal.<\/p>\n\n\n\n<p class=\"wp-block-paragraph\">Vi forestiller os p\u00e5 sigt en andelsboligforening med en bestyrelse og en r\u00e6kke arbejdsgrupper, der p\u00e5tager sig konkrete aktiviteter.<\/p>\n","protected":false},"excerpt":{"rendered":"<p>I har tidlligere l\u00e6st om m\u00f8det i interessegruppe Andel 7. maj kl. 19 p\u00e5 Danasvej. Her er den forel\u00f8bige dagsorden: Husk tilmelding til m\u00f8det 7. maj via kalenderen her p\u00e5 [&hellip;]<\/p>\n","protected":false},"author":7,"featured_media":0,"comment_status":"open","ping_status":"open","sticky":false,"template":"","format":"standard","meta":{"_EventAllDay":false,"_EventTimezone":"","_EventStartDate":"","_EventEndDate":"","_EventStartDateUTC":"","_EventEndDateUTC":"","_EventShowMap":false,"_EventShowMapLink":false,"_EventURL":"","_EventCost":"","_EventCostDescription":"","_EventCurrencySymbol":"","_EventCurrencyCode":"","_EventCurrencyPosition":"","_EventDateTimeSeparator":"","_EventTimeRangeSeparator":"","_EventOrganizerID":[],"_EventVenueID":[],"_OrganizerEmail":"","_OrganizerPhone":"","_OrganizerWebsite":"","_VenueAddress":"","_VenueCity":"","_VenueCountry":"","_VenueProvince":"","_VenueState":"","_VenueZip":"","_VenuePhone":"","_VenueURL":"","_VenueStateProvince":"","_VenueLat":"","_VenueLng":"","_VenueShowMap":false,"_VenueShowMapLink":false,"footnotes":""},"categories":[45,57,1],"tags":[],"class_list":["post-4233","post","type-post","status-publish","format-standard","hentry","category-andel","category-forside","category-uncategorized"],"_links":{"self":[{"href":"https:\/\/seniorbofrederiksberg.dk\/index.php?rest_route=\/wp\/v2\/posts\/4233","targetHints":{"allow":["GET"]}}],"collection":[{"href":"https:\/\/seniorbofrederiksberg.dk\/index.php?rest_route=\/wp\/v2\/posts"}],"about":[{"href":"https:\/\/seniorbofrederiksberg.dk\/index.php?rest_route=\/wp\/v2\/types\/post"}],"author":[{"embeddable":true,"href":"https:\/\/seniorbofrederiksberg.dk\/index.php?rest_route=\/wp\/v2\/users\/7"}],"replies":[{"embeddable":true,"href":"https:\/\/seniorbofrederiksberg.dk\/index.php?rest_route=%2Fwp%2Fv2%2Fcomments&post=4233"}],"version-history":[{"count":1,"href":"https:\/\/seniorbofrederiksberg.dk\/index.php?rest_route=\/wp\/v2\/posts\/4233\/revisions"}],"predecessor-version":[{"id":4234,"href":"https:\/\/seniorbofrederiksberg.dk\/index.php?rest_route=\/wp\/v2\/posts\/4233\/revisions\/4234"}],"wp:attachment":[{"href":"https:\/\/seniorbofrederiksberg.dk\/index.php?rest_route=%2Fwp%2Fv2%2Fmedia&parent=4233"}],"wp:term":[{"taxonomy":"category","embeddable":true,"href":"https:\/\/seniorbofrederiksberg.dk\/index.php?rest_route=%2Fwp%2Fv2%2Fcategories&post=4233"},{"taxonomy":"post_tag","embeddable":true,"href":"https:\/\/seniorbofrederiksberg.dk\/index.php?rest_route=%2Fwp%2Fv2%2Ftags&post=4233"}],"curies":[{"name":"wp","href":"https:\/\/api.w.org\/{rel}","templated":true}]}}