{"id":4267,"date":"2026-05-10T10:54:23","date_gmt":"2026-05-10T08:54:23","guid":{"rendered":"https:\/\/seniorbofrederiksberg.dk\/?p=4267"},"modified":"2026-05-10T10:54:24","modified_gmt":"2026-05-10T08:54:24","slug":"referart-fra-moede-i-interessegruppen-for-andel","status":"publish","type":"post","link":"https:\/\/seniorbofrederiksberg.dk\/?p=4267","title":{"rendered":"Referart fra m\u00f8de i Interessegruppen for Andel"},"content":{"rendered":"\n<p class=\"wp-block-paragraph\"><strong>M\u00f8de i Interessegruppen for Andel<\/strong><\/p>\n\n\n\n<p class=\"wp-block-paragraph\">Torsdag den 7. maj kl. 19.00 Danasvej Bibliotek<\/p>\n\n\n\n<p class=\"wp-block-paragraph\">Der deltog 19 medlemmer i m\u00f8det i interessegruppen<\/p>\n\n\n\n<p class=\"wp-block-paragraph\">Der var afbud fra 5 interesserede medlemmer<\/p>\n\n\n\n<p class=\"wp-block-paragraph\"><strong>1. Arbejdsgruppens status og aktiviteter<\/strong><\/p>\n\n\n\n<p class=\"wp-block-paragraph\">Henrik gav en samlet gennemgang af arbejdsgruppens arbejde siden etableringen efter det f\u00f8rste m\u00f8de i januar 2026. Arbejdsgruppen best\u00e5r aktuelt af fem personer, efter at to medlemmer har valgt at udtr\u00e6de. Der er ikke planer om at udvide gruppen p\u00e5 nuv\u00e6rende tidspunkt.<\/p>\n\n\n\n<p class=\"wp-block-paragraph\">Arbejdsgruppen har siden januar haft en r\u00e6kke m\u00f8der og kontakter med potentielle samarbejdspartnere, herunder:<\/p>\n\n\n\n<ul class=\"wp-block-list\">\n<li>Frederiksberg Kommune<\/li>\n\n\n\n<li>Arkitektfirmaer (fx Vandkunsten)<\/li>\n\n\n\n<li>Developere (fx Almenr)<\/li>\n\n\n\n<li>Entrepren\u00f8rer og investorer<\/li>\n<\/ul>\n\n\n\n<p class=\"wp-block-paragraph\">Form\u00e5let har v\u00e6ret,at afklare muligheder og forberede gruppen p\u00e5 det kommende udbud af de f\u00f8rste dele af Hospitalshaven. Finansiering i start- og udviklingsfasen blev fremh\u00e6vet som et afg\u00f8rende punkt.<\/p>\n\n\n\n<p class=\"wp-block-paragraph\">Et vigtigt resultat af arbejdsgruppens arbejde er udarbejdelsen af notatet <em>\u201cSeniorbof\u00e6llesskab p\u00e5 Hospitalsgrunden p\u00e5 andelsbasis\u201d<\/em>, som udg\u00f8r et centralt grundlag for afklaring af rammer og m\u00e5l. Notatet gennemg\u00e5s p\u00e5 et senere tidspunkt.<\/p>\n\n\n\n<p class=\"wp-block-paragraph\">Det st\u00e5r klart, at der er behov for at etablere en egentlig forening, som kan indg\u00e5 i formelle samarbejdsaftaler. Et revideret forslag til vedt\u00e6gter udsendes inden den stiftende generalforsamling.<\/p>\n\n\n\n<p class=\"wp-block-paragraph\">Arbejdsgruppen forts\u00e6tter arbejdet frem til foreningen er formelt etableret.<\/p>\n\n\n\n<p class=\"wp-block-paragraph\">Vi henviser til det tidligere udsendte skriv \u201d Seniorbof\u00e6llesskab p\u00e5 Hospitalsgrunden p\u00e5 andelsbasis\u201d<\/p>\n\n\n\n<p class=\"wp-block-paragraph\"><strong>2. Vedt\u00e6gter<\/strong><\/p>\n\n\n\n<ul class=\"wp-block-list\">\n<li>Ole gennemgik de forel\u00f8bige vedt\u00e6gter.<strong> <\/strong>Arbejdsgruppen vil revidere dem, inden den stiftende generalforsamling afholdes den 22.6.26. Arbejdsgruppen vil bl.a. tage udgangspunkt i dagens dr\u00f8ftelser samt det der m\u00e5tte fremkomme inden generalforsamlingen<strong>.<\/strong><\/li>\n<\/ul>\n\n\n\n<p class=\"wp-block-paragraph\"><strong>3. Kommende milep\u00e6le<\/strong><\/p>\n\n\n\n<ul class=\"wp-block-list\">\n<li><strong>Rammeplanen for Hospitalshaven<\/strong> forventes offentliggjort i slutningen af maj. Alle opfordres til at bidrage med h\u00f8ringssvar, da dette kan f\u00e5 stor betydning for de politiske beslutninger om Hospitalsgrunden. SeniorBo giver besked, n\u00e5r det er muligt at indsende svar via <em>Bliv H\u00f8rt<\/em>.<\/li>\n<\/ul>\n\n\n\n<p class=\"wp-block-paragraph\"><strong>4. Dr\u00f8ftelser og input fra deltagerne<\/strong><\/p>\n\n\n\n<p class=\"wp-block-paragraph\"><strong>4.1 Boligtyper, indretning og f\u00e6llesfaciliteter<\/strong><\/p>\n\n\n\n<p class=\"wp-block-paragraph\">Der blev rejst flere \u00f8nsker og sp\u00f8rgsm\u00e5l:<\/p>\n\n\n\n<ul class=\"wp-block-list\">\n<li>\u00d8nske om altaner med indhak, s\u00e5 man kan sidde i l\u00e6 og ugenert.<\/li>\n\n\n\n<li>\u00d8nske om g\u00e6sterum til overnattende g\u00e6ster.<\/li>\n\n\n\n<li>Forslag om aktivitetsrum og andre f\u00e6llesfunktioner, evt. i reduceret skala.<\/li>\n\n\n\n<li>Bekymring for at for mange store 4\u2011v\u00e6relses lejligheder kan blive for dyre og sv\u00e6re at s\u00e6lge, hvilket kan p\u00e5virke f\u00e6llesskabet \/ foreningen p\u00e5 sigt. I forbindelse med salg.<\/li>\n<\/ul>\n\n\n\n<p class=\"wp-block-paragraph\"><strong>4.2 \u00d8konomi og finansiering<\/strong><\/p>\n\n\n\n<p class=\"wp-block-paragraph\">Der blev spurgt ind til \u00f8konomien, herunder:<\/p>\n\n\n\n<ul class=\"wp-block-list\">\n<li>Prisniveauet for andelsboliger forventes at ligge p\u00e5 niveau med ejerboliger.<\/li>\n\n\n\n<li>Det er vigtigt at v\u00e6re opm\u00e6rksom p\u00e5 muligheden for <strong>mellemfinansiering<\/strong>.<\/li>\n\n\n\n<li>Et forel\u00f8bigt sk\u00f8n for boligudgifter kan ligge omkring <strong>80.000 kr. pr. m\u00b2<\/strong> (eksempel hentet fra lignende projekter).<\/li>\n\n\n\n<li>Der vil v\u00e6re krav om indbetaling til foreningens konto i udviklingsfasen, og disse bel\u00f8b kan ikke forventes tilbagebetalt. Yderligere indbetalinger kan blive n\u00f8dvendige, og i s\u00e5 fald indkaldes til ekstraordin\u00e6r generalforsamling.<\/li>\n<\/ul>\n\n\n\n<p class=\"wp-block-paragraph\"><strong>4.3 Organisering, medlemskab og adgang til boliger<\/strong><\/p>\n\n\n\n<p class=\"wp-block-paragraph\">F\u00f8lgende sp\u00f8rgsm\u00e5l blev dr\u00f8ftet:<\/p>\n\n\n\n<ul class=\"wp-block-list\">\n<li><strong>Aldersgr\u00e6nser og anciennitet:<\/strong> Der er endnu ikke truffet beslutning om alderskriterier eller anciennitetslister. En mulig model er, at de nuv\u00e6rende deltagere forts\u00e6tter som kernegruppe.<\/li>\n\n\n\n<li><strong>Sikring af bolig:<\/strong> Flere fremh\u00e6vede, at medlemmer af andelsforeningen b\u00f8r have en form for sikkerhed for at f\u00e5 bolig, da man ellers ikke vil investere tid og penge.<\/li>\n\n\n\n<li><strong>Arveret og indflytning ved d\u00f8dsfald:<\/strong> Skal defineres i vedt\u00e6gterne.<\/li>\n\n\n\n<li><strong>Interne ventelister:<\/strong> Forslag om at etablere interne ventelister blev noteret.<\/li>\n\n\n\n<li><strong>Fleksibilitet i krav:<\/strong> Der blev opfordret til ikke at opstille s\u00e5 mange krav, at boligerne bliver sv\u00e6re at s\u00e6lge.<\/li>\n<\/ul>\n\n\n\n<p class=\"wp-block-paragraph\"><strong>4.4 Kommunale forhold<\/strong><\/p>\n\n\n\n<ul class=\"wp-block-list\">\n<li>Frederiksberg Kommune har tidligere stillet krav om, at nye boliger i visse projekter skal tilbydes Frederiksberg-borgere f\u00f8rst for at underst\u00f8tte flyttek\u00e6der.<\/li>\n\n\n\n<li>Ulla foreslog at arbejde politisk for <strong>billigere P-pladser for pensionister<\/strong>, da nuv\u00e6rende priser p\u00e5 1.800\u20132.000 kr. pr. m\u00e5ned er en barriere.<\/li>\n<\/ul>\n\n\n\n<p class=\"wp-block-paragraph\"><strong>4.5 Antal boliger<\/strong><\/p>\n\n\n\n<p class=\"wp-block-paragraph\">Der blev spurgt til konsekvensen, hvis kommunen ikke godkender 30 boliger, men fx kun 20. Arbejdsgruppen vurderer, at projektet forts\u00e6tter \u2013 blot med f\u00e6rre boliger.<\/p>\n\n\n\n<p class=\"wp-block-paragraph\"><strong>5. Nye medlemmer og kommunikation<\/strong><\/p>\n\n\n\n<p class=\"wp-block-paragraph\">Der blev spurgt til proceduren for nye interesserede. Arbejdsgruppen arbejder p\u00e5 en klar model, som vil blive pr\u00e6senteret i forbindelse med foreningens etablering.<\/p>\n\n\n\n<p class=\"wp-block-paragraph\">Alle opfordres til at bidrage med id\u00e9er og kommentarer p\u00e5 hjemmesiden.<\/p>\n\n\n\n<p class=\"wp-block-paragraph\"><strong>6. \u00d8nske om tidslinje<\/strong><\/p>\n\n\n\n<p class=\"wp-block-paragraph\">Der blev efterlyste en samlet tidslinje for processen, herunder:<\/p>\n\n\n\n<ul class=\"wp-block-list\">\n<li>hvorn\u00e5r \u00f8konomiske beslutninger skal tr\u00e6ffes<\/li>\n\n\n\n<li>hvorn\u00e5r man kan forvente klarhed om boligtyper og priser<\/li>\n\n\n\n<li>hvorn\u00e5r kommunen melder ud om rammeplan og udbud<\/li>\n<\/ul>\n\n\n\n<p class=\"wp-block-paragraph\">Dette vil blive udarbejdet og pr\u00e6senteret, n\u00e5r rammeplanen foreligger.<\/p>\n\n\n\n<p class=\"wp-block-paragraph\">F\u00f8lgende medlemmer deltog i m\u00f8det i interessegruppen for andel:<strong><br><\/strong><\/p>\n\n\n\n<p class=\"wp-block-paragraph\"><strong>Deltagere i m\u00f8det:<\/strong><\/p>\n\n\n\n<ul class=\"wp-block-list\">\n<li><strong>Gerdt<\/strong>\u00a0\u2013 Bor i andelslejlighed p\u00e5 Frederiksberg. Er i tvivl.<\/li>\n\n\n\n<li><strong>Lone<\/strong>\u00a0\u2013 Bor i andelslejlighed p\u00e5 Frederiksberg.<\/li>\n\n\n\n<li><strong>Jette<\/strong>\u00a0\u2013 Bor i lejlighed p\u00e5 Frederiksberg.<\/li>\n\n\n\n<li><strong>Benedicte<\/strong>\u00a0\u2013 Bor i stor ejerlejlighed p\u00e5 Frederiksberg.<\/li>\n\n\n\n<li><strong>Clara og Bjarne<\/strong>\u00a0\u2013 Bor i hus i Glostrup. \u00d8nsker mindre bolig. Clara er fortsat p\u00e5 arbejdsmarkedet.<\/li>\n\n\n\n<li><strong>Ulla<\/strong>\u00a0\u2013 Bor i ejerlejlighed p\u00e5 Frederiksberg. Er i tvivl.<\/li>\n\n\n\n<li><strong>Dorte<\/strong><\/li>\n\n\n\n<li><strong>Christina<\/strong>\u00a0\u2013 Bor p\u00e5 en g\u00e5rd ved Roskilde. Er fortsat p\u00e5 arbejdsmarkedet. Overvejer flytning senere afh\u00e6ngigt af pris og placering.<\/li>\n\n\n\n<li><strong>Anne og Uffe<\/strong>\u00a0\u2013 Bor i hus p\u00e5 Frederiksberg. Ikke klar til flytning nu, evt. senere.<\/li>\n\n\n\n<li><strong>Anne <\/strong>\u2013 \u00d8nsker at flytte nu. Bor i for stor lejlighed p\u00e5 Frederiksberg og er interesseret i midlertidig l\u00f8sning.<\/li>\n\n\n\n<li><strong>Dorte<\/strong>\u00a0o<strong>g Ole<\/strong> bor i ejerlejlighed p\u00e5 Frederiksberg<\/li>\n\n\n\n<li><strong>Henrik og Doris <\/strong>bor i hus i Bagsv\u00e6rd<\/li>\n\n\n\n<li><strong>Peter og Tove <\/strong>bor i hus (Ideel andel) p\u00e5 Frederiksberg<\/li>\n\n\n\n<li><strong>Lene<\/strong>\u00a0\u2013 Bor i lejlighed i Indre By sammen med sin mand (yngre deltager).<\/li>\n<\/ul>\n","protected":false},"excerpt":{"rendered":"<p>M\u00f8de i Interessegruppen for Andel Torsdag den 7. maj kl. 19.00 Danasvej Bibliotek Der deltog 19 medlemmer i m\u00f8det i interessegruppen Der var afbud fra 5 interesserede medlemmer 1. Arbejdsgruppens [&hellip;]<\/p>\n","protected":false},"author":4,"featured_media":0,"comment_status":"open","ping_status":"open","sticky":false,"template":"","format":"standard","meta":{"_EventAllDay":false,"_EventTimezone":"","_EventStartDate":"","_EventEndDate":"","_EventStartDateUTC":"","_EventEndDateUTC":"","_EventShowMap":false,"_EventShowMapLink":false,"_EventURL":"","_EventCost":"","_EventCostDescription":"","_EventCurrencySymbol":"","_EventCurrencyCode":"","_EventCurrencyPosition":"","_EventDateTimeSeparator":"","_EventTimeRangeSeparator":"","_EventOrganizerID":[],"_EventVenueID":[],"_OrganizerEmail":"","_OrganizerPhone":"","_OrganizerWebsite":"","_VenueAddress":"","_VenueCity":"","_VenueCountry":"","_VenueProvince":"","_VenueState":"","_VenueZip":"","_VenuePhone":"","_VenueURL":"","_VenueStateProvince":"","_VenueLat":"","_VenueLng":"","_VenueShowMap":false,"_VenueShowMapLink":false,"footnotes":""},"categories":[45,57,31],"tags":[73,43,49],"class_list":["post-4267","post","type-post","status-publish","format-standard","hentry","category-andel","category-forside","category-referart","tag-andel","tag-arbejdsgruppe","tag-referart"],"_links":{"self":[{"href":"https:\/\/seniorbofrederiksberg.dk\/index.php?rest_route=\/wp\/v2\/posts\/4267","targetHints":{"allow":["GET"]}}],"collection":[{"href":"https:\/\/seniorbofrederiksberg.dk\/index.php?rest_route=\/wp\/v2\/posts"}],"about":[{"href":"https:\/\/seniorbofrederiksberg.dk\/index.php?rest_route=\/wp\/v2\/types\/post"}],"author":[{"embeddable":true,"href":"https:\/\/seniorbofrederiksberg.dk\/index.php?rest_route=\/wp\/v2\/users\/4"}],"replies":[{"embeddable":true,"href":"https:\/\/seniorbofrederiksberg.dk\/index.php?rest_route=%2Fwp%2Fv2%2Fcomments&post=4267"}],"version-history":[{"count":1,"href":"https:\/\/seniorbofrederiksberg.dk\/index.php?rest_route=\/wp\/v2\/posts\/4267\/revisions"}],"predecessor-version":[{"id":4268,"href":"https:\/\/seniorbofrederiksberg.dk\/index.php?rest_route=\/wp\/v2\/posts\/4267\/revisions\/4268"}],"wp:attachment":[{"href":"https:\/\/seniorbofrederiksberg.dk\/index.php?rest_route=%2Fwp%2Fv2%2Fmedia&parent=4267"}],"wp:term":[{"taxonomy":"category","embeddable":true,"href":"https:\/\/seniorbofrederiksberg.dk\/index.php?rest_route=%2Fwp%2Fv2%2Fcategories&post=4267"},{"taxonomy":"post_tag","embeddable":true,"href":"https:\/\/seniorbofrederiksberg.dk\/index.php?rest_route=%2Fwp%2Fv2%2Ftags&post=4267"}],"curies":[{"name":"wp","href":"https:\/\/api.w.org\/{rel}","templated":true}]}}