{"id":4428,"date":"2026-06-25T17:12:02","date_gmt":"2026-06-25T15:12:02","guid":{"rendered":"https:\/\/seniorbofrederiksberg.dk\/?p=4428"},"modified":"2026-06-25T17:12:02","modified_gmt":"2026-06-25T15:12:02","slug":"referat-af-stiftende-generalforsamling-22-juni-andel","status":"publish","type":"post","link":"https:\/\/seniorbofrederiksberg.dk\/?p=4428","title":{"rendered":"Referat af stiftende generalforsamling 22. juni &#8211; ANDEL"},"content":{"rendered":"\n<p class=\"wp-block-paragraph\"><strong>Stiftende Generalforsamling \u2013 22. juni 2026 Danasvej bibliotek, Frederiksberg<\/strong><\/p>\n\n\n\n<p class=\"wp-block-paragraph\"><strong>SeniorBo Frederiksberg \u2013 Opstartsforening Andel<\/strong><strong><\/strong><\/p>\n\n\n\n<p class=\"wp-block-paragraph\">\u2026\u2026\u2026\u2026\u2026\u2026\u2026\u2026\u2026\u2026\u2026\u2026\u2026\u2026\u2026\u2026\u2026\u2026\u2026\u2026\u2026\u2026\u2026\u2026\u2026\u2026\u2026\u2026\u2026\u2026\u2026\u2026\u2026\u2026\u2026\u2026\u2026\u2026\u2026\u2026\u2026\u2026<\/p>\n\n\n\n<p class=\"wp-block-paragraph\">M\u00f8det var indkaldt via hjemmesiden <a href=\"http:\/\/www.seniorbofrederiksberg.dk\">www.seniorbofrederiksberg.dk<\/a> &nbsp;med et forslag til vedt\u00e6gter. P\u00e5 m\u00f8det deltog 34 personer. Vi lavede en navnerunde, hvor medlemmerne oplyste navne, bop\u00e6lskommune, boligform, civilstand og anciennitet i SeniorBo. Der var mange nye medlemmer.<\/p>\n\n\n\n<p class=\"wp-block-paragraph\">Ole Vendelbo b\u00f8d velkommen og foreslog Henrik Kagenow som dirigent. Ud over Ole og Henrik deltog Ester Jensen, Tove Flensborg og Ulla V. Rasmussen fra arbejdsgruppen.<\/p>\n\n\n\n<p class=\"wp-block-paragraph\">2. Valg af referent<\/p>\n\n\n\n<p class=\"wp-block-paragraph\">Dorthe Horn Pedersen blev valgt som referent.<\/p>\n\n\n\n<p class=\"wp-block-paragraph\">3.Arbejdsgruppens\/bestyrelsens beretning<\/p>\n\n\n\n<p class=\"wp-block-paragraph\">Da der var mange nye medlemmer til m\u00f8det, ridsede Ole Vendelbo SeniorBo\u2019s historie op \u2013 fra Birgitte Francks artikel i Frederiksberg LIV i august 2019 til de to interessegrupper ALMEN og ANDEL blev dannet.<\/p>\n\n\n\n<p class=\"wp-block-paragraph\">Arbejdsgruppen for Andel er, efter r\u00e5d fra eksterne partnere fx Almenr og efter oplysninger fra kommunen om tidsforl\u00f8bet frem mod salg af byggegrunde indstillet p\u00e5, at vi kort efter sommerferien f\u00e5r dannet en mere fast og juridisk struktur, s\u00e5 vi kan indg\u00e5 aftaler og fremst\u00e5 som trov\u00e6rdige partnere. Dette er baggrunden for dagens generalforsamling.<\/p>\n\n\n\n<p class=\"wp-block-paragraph\">Den tidsplan som vi arbejder efter, omfatter samarbejdsaftale med ekstern part f.eks. Almenr i det tidlige efter\u00e5r, klarg\u00f8ring til afsendelse af k\u00f8bstilbud og forhandling med Frederiksberg kommune i slutningen af 2026 eller start af 2027.<\/p>\n\n\n\n<p class=\"wp-block-paragraph\">4. Regnskab<\/p>\n\n\n\n<p class=\"wp-block-paragraph\">Der foreligger endnu ikke et regnskab, da vi endnu hverken har indt\u00e6gter eller udgifter. Det blev fra salen pointeret, at man ved kommende generalforsamlinger freml\u00e6gger et revideret og godkendt regnskab.<\/p>\n\n\n\n<p class=\"wp-block-paragraph\">5. Indkomne forslag<\/p>\n\n\n\n<p class=\"wp-block-paragraph\">Der er ikke modtaget forslag fra medlemmerne. Men arbejdsgruppen fremsatte forslag til vedt\u00e6gter. Ester Jensen fremlagde det udsendte s\u00e6t vedt\u00e6gter.<\/p>\n\n\n\n<p class=\"wp-block-paragraph\">Der var nogle forslag fra m\u00f8dedeltagerne til mindre rettelser. Arbejdsgruppen accepterede disse og vil blot indf\u00f8je disse i vedt\u00e6gterne. Det rettede s\u00e6t vedt\u00e6gter udsendes sammen med referatet.<\/p>\n\n\n\n<p class=\"wp-block-paragraph\">Ester og Henrik pr\u00e6ciserede, at arbejdsgruppen \u00f8nsker at \u00e6ndre de fremsendte vedt\u00e6gter om punktet vedr\u00f8rende betaling af indskud (2000 kr.) og tilh\u00f8rende regel om en \u201dventeliste\u201d for s\u00e5kaldte A-medlemmer. &nbsp;Det skyldes, at den fremsendte tekst vil favorisere de personer, der er hurtige til at betale og dermed kan overhale medlemmer, som har v\u00e6ret med i SeniorBo siden stiftelsen i 2019. M\u00f8dedeltagerne bakkede op om dette.<\/p>\n\n\n\n<p class=\"wp-block-paragraph\">Dette betyder, at betaling af indskud kan ske, n\u00e5r dette referat og det reviderede s\u00e6t vedt\u00e6gter udsendes til medlemmerne via hjemmesiden d. 25\/6. I f\u00f8rste omgang kan betaling af indskud foretages indtil 2\/7 2026 kl.20. Arbejdsgruppens medlemmer er sikret de f\u00f8rste 5 pladser som A-medlem.<\/p>\n\n\n\n<p class=\"wp-block-paragraph\">Frem til 2\/7-2026 kl. 20 vil indbetalinger af 2000 kr. vurderes ifht. medlemmernes anciennitet i SeniorBo Frederiksberg. Ancienniteten vurderes ifht. \u00e6ldre medlemslister og den f\u00f8rste registrering i det nye medlemssystem. Hvis et medlems-par har forskellig anciennitet i SeniorBo, er det det tidligste tidspunkt, der t\u00e6ller.<\/p>\n\n\n\n<p class=\"wp-block-paragraph\">Arbejdsgruppen\/Bestyrelsen vil herefter danne den f\u00f8rste venteliste med A-medlemmer ud fra medlemmernes anciennitet. &nbsp;<\/p>\n\n\n\n<ul class=\"wp-block-list\">\n<li>Hvis der er flere end 30 A-medlemmer, f\u00e5r de \u201doverskydende\u201d personer de 2000 kr. tilbage.<\/li>\n\n\n\n<li>Hvis der er f\u00e6rre end 30 tilmeldte A-medlemmer pr. 3\/7-2026, kan ethvert medlem i SeniorBo Frederiksberg tegne et A-medlemskab, og efter 3\/7-2026 er det betalingstidspunktet, der t\u00e6ller &#8211; ancienniteten t\u00e6ller ikke l\u00e6ngere med.<\/li>\n<\/ul>\n\n\n\n<p class=\"wp-block-paragraph\">Man kan i hele perioden fra 25\/6 tegne B-medlemskab til 500 kr. for indev\u00e6rende \u00e5r. B-medlemmer f\u00e5r information om aktiviteter og kan deltage i m\u00f8der, dog uden stemmeret, da der stemmes om forhold, som kun p\u00e5virker A-medlemmernes \u00f8konomi.<\/p>\n\n\n\n<p class=\"wp-block-paragraph\">Der var debat om, hvorvidt r\u00e6kkef\u00f8lgen p\u00e5 B-medlemslisten skulle opfattes som en egentlig venteliste og dermed skulle f\u00f8lges af bestyrelsen. Men bestyrelsen fik opbakning fra salen til, at den skal opfattes som en interesseliste, hvorfra bestyrelsen kan v\u00e6lge at invitere til et A-medlemskab. Form\u00e5let med dette er, at man kan rette op p\u00e5 evt. sk\u00e6vheder p\u00e5 A-listen ifht. alder, k\u00f8n, civilstand mm. for at f\u00e5 et bof\u00e6llesskab til at fungere.<\/p>\n\n\n\n<p class=\"wp-block-paragraph\">Listen over A- og B-medlemmer udsendes efter 3\/7-2026 via direkte mail til de ber\u00f8rte med skyldigt hensyn til g\u00e6ldende GDPR-regler.<\/p>\n\n\n\n<p class=\"wp-block-paragraph\">Bestyrelsen blev spurgt om det var et krav, at man skulle bo p\u00e5 Frederiksberg. Det blev pr\u00e6ciseret, at det ikke er vores forening, der m\u00e5tte stille dette krav \u2013 men ved opstarten af Solbjerg Park\/Gravens Rand var det et kommunalt krav i begyndelsen. Kravet blev senere droppet \u2013 men vi kan ikke vide, om det vil dukke op igen ved salg af grund i Hospitalshaven.<\/p>\n\n\n\n<p class=\"wp-block-paragraph\">6. Budget \u2013 indskud fra A-medlemmer og \u00e5rskontingent for B-medlemmer<\/p>\n\n\n\n<p class=\"wp-block-paragraph\">Der blev besluttet et indskud p\u00e5 forel\u00f8bigt 2000 kr. pr. A-medlemskab og et kontingent for B-medlemskab p\u00e5 500 kr. for indev\u00e6rende \u00e5r.<\/p>\n\n\n\n<p class=\"wp-block-paragraph\">7. Valg til bestyrelsen og suppleanter<\/p>\n\n\n\n<p class=\"wp-block-paragraph\">Alle fra arbejdsgruppen \u00f8nskede genvalg og blev valgt med applaus. Bestyrelsen best\u00e5r af Tove Flensborg, Ester Jensen, Henrik Kagenow, Ulla V. Rasmussen og Ole Vendelbo.<\/p>\n\n\n\n<p class=\"wp-block-paragraph\">Valg som suppleanter blev Ulla Christensen og Jes M\u00f8ller.<\/p>\n\n\n\n<p class=\"wp-block-paragraph\">Den nye bestyrelse konstituerer sig selv ved n\u00e6ste m\u00f8de 3\/7 juli.2026 og opgavefordelingen l\u00e6gges p\u00e5 hjemmesiden.<\/p>\n\n\n\n<p class=\"wp-block-paragraph\">8. Valg af 2 interne revisorer<\/p>\n\n\n\n<p class=\"wp-block-paragraph\">Valgt blev Annette Tolsgaard og Knud Jacob Simonsen.<\/p>\n\n\n\n<p class=\"wp-block-paragraph\">9. Evt.<\/p>\n\n\n\n<p class=\"wp-block-paragraph\">Peter Henriksen blev spurgt, om hjemmesiden kan blive lettere at bruge til at kunne genfinde relevante papirer. Han gav som web-master tilsagn om at fors\u00f8ge at forbedre funktionaliteten p\u00e5 hjemmesiden. Han brugte ogs\u00e5 lejligheden til at gl\u00e6des over udsigten til at bo sammen med de fremm\u00f8dte.<\/p>\n\n\n\n<p class=\"wp-block-paragraph\">M\u00f8det blev herefter h\u00e6vet og vi sluttede aftenen med et glas Cremant de Bourgogne.&nbsp;<\/p>\n\n\n\n<p class=\"wp-block-paragraph\"><em>Referat ved Dorthe Horn Pedersen.<\/em><\/p>\n\n\n\n<figure class=\"wp-block-table\"><table class=\"has-fixed-layout\"><tbody><tr><td><strong>Deltagere i GF<\/strong><\/td><td><strong>22. juni 2026<\/strong><\/td><\/tr><tr><td>Anne<\/td><td>Bentzen<\/td><\/tr><tr><td>Annette<\/td><td>Tolsgaard<\/td><\/tr><tr><td>Benedikte<\/td><td>Christensen<\/td><\/tr><tr><td>Christian Romeo<\/td><td>Bj\u00f8rklund<\/td><\/tr><tr><td>Doris<\/td><td>Svenstrup<\/td><\/tr><tr><td>Dorthe Horn<\/td><td>Pedersen<\/td><\/tr><tr><td>Ester<\/td><td>Jensen<\/td><\/tr><tr><td>Gaia Inge<\/td><td>Nedergaard<\/td><\/tr><tr><td>Hanne<\/td><td>R\u00f8nn<\/td><\/tr><tr><td>Hanne Paarup<\/td><td>Christensen<\/td><\/tr><tr><td>Henrik<\/td><td>Christensen<\/td><\/tr><tr><td>Henrik<\/td><td>Kagenow<\/td><\/tr><tr><td>Jan<\/td><td>Jensen<\/td><\/tr><tr><td>Birthe<\/td><td>Henriksen<\/td><\/tr><tr><td>Jes<\/td><td>M\u00f8ller<\/td><\/tr><tr><td>Jette<\/td><td>Kr\u00f8igaard<\/td><\/tr><tr><td>Karen Margrete<\/td><td>Rasmussen<\/td><\/tr><tr><td>Karsten<\/td><td>Lomholt<\/td><\/tr><tr><td>Katrine<\/td><td>Ziler<\/td><\/tr><tr><td>Kirsten Vibeke<\/td><td>M\u00f8ller<\/td><\/tr><tr><td>Knud Jacob<\/td><td>Simonsen<\/td><\/tr><tr><td>Lars Peter<\/td><td>Tolsgaard<\/td><\/tr><tr><td>Lone<\/td><td>Mikkelsen<\/td><\/tr><tr><td>Ole<\/td><td>Vendelbo<\/td><\/tr><tr><td>Peter<\/td><td>Arentzen<\/td><\/tr><tr><td>Peter<\/td><td>Verner Krogh<\/td><\/tr><tr><td>Peter<\/td><td>Henriksen<\/td><\/tr><tr><td>Pia Kirby<\/td><td>Paulsen<\/td><\/tr><tr><td>Sanne<\/td><td>Schlott<\/td><\/tr><tr><td>S\u00f8ren<\/td><td>Kr\u00f8igaard<\/td><\/tr><tr><td>Tove<\/td><td>Flensborg<\/td><\/tr><tr><td>Ulla<\/td><td>Christensen<\/td><\/tr><tr><td>Ulla<\/td><td>Rasmussen<\/td><\/tr><tr><td>Ulla S\u00f8gaard<\/td><td>Thomsen<\/td><\/tr><\/tbody><\/table><\/figure>\n","protected":false},"excerpt":{"rendered":"<p>Stiftende Generalforsamling \u2013 22. juni 2026 Danasvej bibliotek, Frederiksberg SeniorBo Frederiksberg \u2013 Opstartsforening Andel \u2026\u2026\u2026\u2026\u2026\u2026\u2026\u2026\u2026\u2026\u2026\u2026\u2026\u2026\u2026\u2026\u2026\u2026\u2026\u2026\u2026\u2026\u2026\u2026\u2026\u2026\u2026\u2026\u2026\u2026\u2026\u2026\u2026\u2026\u2026\u2026\u2026\u2026\u2026\u2026\u2026\u2026 M\u00f8det var indkaldt via hjemmesiden www.seniorbofrederiksberg.dk &nbsp;med et forslag til vedt\u00e6gter. P\u00e5 m\u00f8det deltog 34 [&hellip;]<\/p>\n","protected":false},"author":7,"featured_media":0,"comment_status":"open","ping_status":"open","sticky":false,"template":"","format":"standard","meta":{"_EventAllDay":false,"_EventTimezone":"","_EventStartDate":"","_EventEndDate":"","_EventStartDateUTC":"","_EventEndDateUTC":"","_EventShowMap":false,"_EventShowMapLink":false,"_EventURL":"","_EventCost":"","_EventCostDescription":"","_EventCurrencySymbol":"","_EventCurrencyCode":"","_EventCurrencyPosition":"","_EventDateTimeSeparator":"","_EventTimeRangeSeparator":"","_EventOrganizerID":[],"_EventVenueID":[],"_OrganizerEmail":"","_OrganizerPhone":"","_OrganizerWebsite":"","_VenueAddress":"","_VenueCity":"","_VenueCountry":"","_VenueProvince":"","_VenueState":"","_VenueZip":"","_VenuePhone":"","_VenueURL":"","_VenueStateProvince":"","_VenueLat":"","_VenueLng":"","_VenueShowMap":false,"_VenueShowMapLink":false,"footnotes":""},"categories":[45,57,1],"tags":[],"class_list":["post-4428","post","type-post","status-publish","format-standard","hentry","category-andel","category-forside","category-uncategorized"],"_links":{"self":[{"href":"https:\/\/seniorbofrederiksberg.dk\/index.php?rest_route=\/wp\/v2\/posts\/4428","targetHints":{"allow":["GET"]}}],"collection":[{"href":"https:\/\/seniorbofrederiksberg.dk\/index.php?rest_route=\/wp\/v2\/posts"}],"about":[{"href":"https:\/\/seniorbofrederiksberg.dk\/index.php?rest_route=\/wp\/v2\/types\/post"}],"author":[{"embeddable":true,"href":"https:\/\/seniorbofrederiksberg.dk\/index.php?rest_route=\/wp\/v2\/users\/7"}],"replies":[{"embeddable":true,"href":"https:\/\/seniorbofrederiksberg.dk\/index.php?rest_route=%2Fwp%2Fv2%2Fcomments&post=4428"}],"version-history":[{"count":2,"href":"https:\/\/seniorbofrederiksberg.dk\/index.php?rest_route=\/wp\/v2\/posts\/4428\/revisions"}],"predecessor-version":[{"id":4430,"href":"https:\/\/seniorbofrederiksberg.dk\/index.php?rest_route=\/wp\/v2\/posts\/4428\/revisions\/4430"}],"wp:attachment":[{"href":"https:\/\/seniorbofrederiksberg.dk\/index.php?rest_route=%2Fwp%2Fv2%2Fmedia&parent=4428"}],"wp:term":[{"taxonomy":"category","embeddable":true,"href":"https:\/\/seniorbofrederiksberg.dk\/index.php?rest_route=%2Fwp%2Fv2%2Fcategories&post=4428"},{"taxonomy":"post_tag","embeddable":true,"href":"https:\/\/seniorbofrederiksberg.dk\/index.php?rest_route=%2Fwp%2Fv2%2Ftags&post=4428"}],"curies":[{"name":"wp","href":"https:\/\/api.w.org\/{rel}","templated":true}]}}