{"id":4437,"date":"2026-06-27T11:43:35","date_gmt":"2026-06-27T09:43:35","guid":{"rendered":"https:\/\/seniorbofrederiksberg.dk\/?p=4437"},"modified":"2026-06-28T11:56:37","modified_gmt":"2026-06-28T09:56:37","slug":"noget-om-almene-boliger","status":"publish","type":"post","link":"https:\/\/seniorbofrederiksberg.dk\/?p=4437","title":{"rendered":"Noget om almene boliger"},"content":{"rendered":"\n<h2 class=\"wp-block-heading\"><strong>Noget om almene boliger<\/strong><\/h2>\n\n\n\n<p class=\"wp-block-paragraph\"><strong>Der er kommet nye regler<\/strong><br><strong>De nye regler har prim\u00e6rt til form\u00e5l at:<\/strong><br><img decoding=\"async\" src=\"https:\/\/fonts.gstatic.com\/s\/e\/notoemoji\/17.0\/2705\/72.png\" alt=\"\u2705\" style=\"width:24px; height:24px;\">&nbsp;<strong>\u00d8ge antallet af almene boliger<\/strong>&nbsp;ved at g\u00f8re byggeriet mere \u00f8konomisk attraktivt.<br><img decoding=\"async\" src=\"https:\/\/fonts.gstatic.com\/s\/e\/notoemoji\/17.0\/2705\/72.png\" alt=\"\u2705\" style=\"width:24px; height:24px;\">&nbsp;<strong>Sikre social blandethed<\/strong>&nbsp;ved at integrere almene boliger i nye byomr\u00e5der.<br><img decoding=\"async\" src=\"https:\/\/fonts.gstatic.com\/s\/e\/notoemoji\/17.0\/2705\/72.png\" alt=\"\u2705\" style=\"width:24px; height:24px;\">&nbsp;<strong>G\u00f8re reglerne mere fleksible<\/strong>&nbsp;og ensartede, s\u00e5 det er lettere at bygge forskellige typer almene boliger.<br><img decoding=\"async\" src=\"https:\/\/fonts.gstatic.com\/s\/e\/notoemoji\/17.0\/2705\/72.png\" alt=\"\u2705\" style=\"width:24px; height:24px;\">&nbsp;<strong>Tilpasse \u00f8konomiske rammer<\/strong>&nbsp;l\u00f8bende, s\u00e5 de afspejler markedet.<\/p>\n\n\n\n<p class=\"wp-block-paragraph\">Almengruppen er&nbsp;<strong>i kontakt med 3 boligselskaber her p\u00e5 Frederiksberg.<\/strong>&nbsp;Vi har brug for at ajour f\u00f8re den almene interesse liste.&nbsp;<\/p>\n\n\n\n<p class=\"wp-block-paragraph\">Vi gentager at alle, der fortsat \u00f8nsker at st\u00e5 p\u00e5 denne liste, skal sende en mail til:\u00a0<a href=\"mailto:seniorio.frederiksberg@gmail.com\" target=\"_blank\" rel=\"noreferrer noopener\"><em><a href=\"mailto:Frederiksberg.SeniorBo@gmail.com\" target=\"_blank\" rel=\"noreferrer noopener\">Frederiksberg.SeniorBo@gmail.com<\/a><\/em><\/a>\u00a0&#8211; senest 2. juli.2026.\u00a0<\/p>\n\n\n\n<p class=\"wp-block-paragraph\">N\u00e5r vi taler med boligselskaberne har vi brug for at tilkendegive hvor mange, der er interesseret i denne boform.<\/p>\n\n\n\n<p class=\"wp-block-paragraph\">God sommer fra arbejdsgruppen for almene boliger.<\/p>\n\n\n\n<p class=\"wp-block-paragraph\">Birgitte Franck<\/p>\n\n\n\n<p class=\"wp-block-paragraph\"><\/p>\n","protected":false},"excerpt":{"rendered":"<p>Noget om almene boliger Der er kommet nye reglerDe nye regler har prim\u00e6rt til form\u00e5l at:&nbsp;\u00d8ge antallet af almene boliger&nbsp;ved at g\u00f8re byggeriet mere \u00f8konomisk attraktivt.&nbsp;Sikre social blandethed&nbsp;ved at integrere [&hellip;]<\/p>\n","protected":false},"author":3,"featured_media":0,"comment_status":"open","ping_status":"open","sticky":false,"template":"","format":"standard","meta":{"_EventAllDay":false,"_EventTimezone":"","_EventStartDate":"","_EventEndDate":"","_EventStartDateUTC":"","_EventEndDateUTC":"","_EventShowMap":false,"_EventShowMapLink":false,"_EventURL":"","_EventCost":"","_EventCostDescription":"","_EventCurrencySymbol":"","_EventCurrencyCode":"","_EventCurrencyPosition":"","_EventDateTimeSeparator":"","_EventTimeRangeSeparator":"","_EventOrganizerID":[],"_EventVenueID":[],"_OrganizerEmail":"","_OrganizerPhone":"","_OrganizerWebsite":"","_VenueAddress":"","_VenueCity":"","_VenueCountry":"","_VenueProvince":"","_VenueState":"","_VenueZip":"","_VenuePhone":"","_VenueURL":"","_VenueStateProvince":"","_VenueLat":"","_VenueLng":"","_VenueShowMap":false,"_VenueShowMapLink":false,"footnotes":""},"categories":[36,57,1],"tags":[37],"class_list":["post-4437","post","type-post","status-publish","format-standard","hentry","category-almene-boliger","category-forside","category-uncategorized","tag-almene"],"_links":{"self":[{"href":"https:\/\/seniorbofrederiksberg.dk\/index.php?rest_route=\/wp\/v2\/posts\/4437","targetHints":{"allow":["GET"]}}],"collection":[{"href":"https:\/\/seniorbofrederiksberg.dk\/index.php?rest_route=\/wp\/v2\/posts"}],"about":[{"href":"https:\/\/seniorbofrederiksberg.dk\/index.php?rest_route=\/wp\/v2\/types\/post"}],"author":[{"embeddable":true,"href":"https:\/\/seniorbofrederiksberg.dk\/index.php?rest_route=\/wp\/v2\/users\/3"}],"replies":[{"embeddable":true,"href":"https:\/\/seniorbofrederiksberg.dk\/index.php?rest_route=%2Fwp%2Fv2%2Fcomments&post=4437"}],"version-history":[{"count":5,"href":"https:\/\/seniorbofrederiksberg.dk\/index.php?rest_route=\/wp\/v2\/posts\/4437\/revisions"}],"predecessor-version":[{"id":4449,"href":"https:\/\/seniorbofrederiksberg.dk\/index.php?rest_route=\/wp\/v2\/posts\/4437\/revisions\/4449"}],"wp:attachment":[{"href":"https:\/\/seniorbofrederiksberg.dk\/index.php?rest_route=%2Fwp%2Fv2%2Fmedia&parent=4437"}],"wp:term":[{"taxonomy":"category","embeddable":true,"href":"https:\/\/seniorbofrederiksberg.dk\/index.php?rest_route=%2Fwp%2Fv2%2Fcategories&post=4437"},{"taxonomy":"post_tag","embeddable":true,"href":"https:\/\/seniorbofrederiksberg.dk\/index.php?rest_route=%2Fwp%2Fv2%2Ftags&post=4437"}],"curies":[{"name":"wp","href":"https:\/\/api.w.org\/{rel}","templated":true}]}}