{"id":4472,"date":"2026-07-06T12:28:32","date_gmt":"2026-07-06T10:28:32","guid":{"rendered":"https:\/\/seniorbofrederiksberg.dk\/?p=4472"},"modified":"2026-07-06T12:28:32","modified_gmt":"2026-07-06T10:28:32","slug":"regeringen-aabner-for-mere-alment-byggeri","status":"publish","type":"post","link":"https:\/\/seniorbofrederiksberg.dk\/?p=4472","title":{"rendered":"Regeringen \u00e5bner for mere alment byggeri"},"content":{"rendered":"\n<h1 class=\"wp-block-heading\">Turbo p\u00e5 opf\u00f8relse af almene boliger<\/h1>\n\n\n\n<p class=\"wp-block-paragraph\"><strong>L\u00e6s ogs\u00e5 om fokus p\u00e5 seniorbof\u00e6llesskaber i det nye lovforslag<\/strong><strong>Her sker ting og sager rent lovgivningsm\u00e6ssigt, der vil komme nye seniorbof\u00e6llesskaber til gavn.<\/strong><\/p>\n\n\n\n<p class=\"wp-block-paragraph\">B\u00f8rne-, \u00e6ldre- og boligminister Jacob Mark har fremsat et nyt lovforslag, der skal styrke mulighederne for at opf\u00f8re almene boliger i landets st\u00f8rste byer.<\/p>\n\n\n\n<p class=\"wp-block-paragraph\">Med lovforslaget vil regeringen udvide den eksisterende h\u00f8jprisordning og forbedre mulighederne for at bygge almene boliger gennem&nbsp;<em>Fonden for blandede byer<\/em>. Det skal bidrage til flere betalbare boliger og mere blandede byer.<\/p>\n\n\n\n<p class=\"wp-block-paragraph\">De stigende boligpriser er i fuld gang med at forandre byer som K\u00f8benhavn og Aarhus og g\u00f8re det stadig sv\u00e6rere for mange mennesker at finde en bolig, de har r\u00e5d til. Derfor skal vi have bygget flere almene boliger, s\u00e5 vi ogs\u00e5 i fremtiden har blandede byer, hvor b\u00e5de sygeplejersken, p\u00e6dagogen, den studerende og&nbsp;<strong>pensionisten&nbsp;<\/strong>har r\u00e5d til at bo.&#8221;<\/p>\n\n\n\n<p class=\"wp-block-paragraph\"><strong>Lovforslaget har til form\u00e5l at udm\u00f8nte initiativerne i&nbsp;<em>Aftale om styrkede rammer for alment boligbyggeri<\/em>, som blev indg\u00e5et den 17. december 2025 mellem den dav\u00e6rende regering.<\/strong><\/p>\n\n\n\n<p class=\"wp-block-paragraph\">Der er lagt op til en hurtig lovbehandling efter sommerferien, s\u00e5 lovforslaget kan tr\u00e6de i kraft allerede&nbsp;<strong>den 4. september.<\/strong>&nbsp;Det skal g\u00f8re det muligt at s\u00e6tte gang i opf\u00f8relsen af tusindvis af almene boliger \u2013 s\u00e6rligt i K\u00f8benhavn og i de \u00f8vrige h\u00f8jprisomr\u00e5der.<\/p>\n\n\n\n<p class=\"wp-block-paragraph\"><strong>H\u00f8je priser udfordrer byggeriet<\/strong><\/p>\n\n\n\n<p class=\"wp-block-paragraph\">I de senere \u00e5r har stigende byggeomkostninger og h\u00f8je grundpriser gjort det sv\u00e6rere at opf\u00f8re almene boliger inden for det g\u00e6ldende maksimumsbel\u00f8b, som er sat for at bevare en lav husleje.<\/p>\n\n\n\n<p class=\"wp-block-paragraph\">Det har betydet, at almene boligbyggerier er blevet udskudt, mens der samtidig er bygget flere private udlejningsboliger, som er uden for \u00f8konomisk r\u00e6kkevidde for mange mennesker med almindelige indkomster.<\/p>\n\n\n\n<p class=\"wp-block-paragraph\">Huslejen i nye almene boliger er typisk lavere end i tilsvarende private lejeboliger. Det er med til at sikre, at mennesker med almindelige indkomster har r\u00e5d til at bo t\u00e6t p\u00e5 deres arbejde. Det almene boligbyggeri spiller derfor en central rolle i at sikre blandede byer med plads til mennesker med forskellige indkomster og livssituationer.<\/p>\n\n\n\n<p class=\"wp-block-paragraph\">&#8220;Med lovforslaget vil vi g\u00f8re det lettere at bygge boliger, som er til at betale i de omr\u00e5der, hvor h\u00f8je grundpriser og byggeomkostninger i dag g\u00f8r det vanskeligt at f\u00e5 byggeprojekterne til at h\u00e6nge sammen. Samtidig styrker vi indsatsen for mennesker, som har sv\u00e6rt ved at f\u00e5 fodf\u00e6ste p\u00e5 boligmarkedet, og g\u00f8r det lettere at etablere&nbsp;<strong>seniorbof\u00e6llesskaber,<\/strong>&nbsp;<strong>s\u00e5 flere f\u00e5r mulighed for at bo i f\u00e6llesskaber, der underst\u00f8tter livskvalitet, n\u00e6rv\u00e6r og et aktivt hverdagsliv.&#8221;<\/strong><\/p>\n\n\n\n<p class=\"wp-block-paragraph\"><strong>Byer med plads til alle<\/strong><\/p>\n\n\n\n<p class=\"wp-block-paragraph\">Maksimumsbel\u00f8bet blev i januar 2026 h\u00e6vet med samlet 3,9 pct. i hele landet. Samtidig blev der indf\u00f8rt en ny h\u00f8jprisordning i hovedstadsomr\u00e5det og Aarhus, som giver kommunerne mulighed for at h\u00e6ve bel\u00f8bet med yderligere 10 pct.<\/p>\n\n\n\n<p class=\"wp-block-paragraph\">Med lovforslaget l\u00e6gges der op til at udbygge h\u00f8jprisordningen, s\u00e5 det samlet bliver muligt at opf\u00f8re almene boliger med en anskaffelsessum, der er op til 20 pct. h\u00f8jere i h\u00f8jprisomr\u00e5derne. De sidste 10 pct. skal finansieres gennem et kommunalt till\u00e6gsl\u00e5n, som ikke p\u00e5virker huslejen for beboerne.<\/p>\n\n\n\n<p class=\"wp-block-paragraph\">Lovforslaget skal derudover forbedre mulighederne for at bygge almene boliger gennem<strong>&nbsp;<em>Fonden for blandede byer<\/em>.<\/strong>&nbsp;Blandt andet h\u00e6ves tilskuddet til etablering af s\u00e6rligt billige almene familieboliger m\u00e5lrettet borgere med lav betalingsevne, o<strong>g der oprettes en ny st\u00f8tteordning til etablering af seniorbof\u00e6llesskaber.&nbsp;<\/strong>Endelig f\u00e5r kommunerne ogs\u00e5 bedre muligheder for at h\u00e5ndtere lokale boligudfordringer.<\/p>\n\n\n\n<p class=\"wp-block-paragraph\">Dette indl\u00e6g er lagt op efter aftale med Birgitte Franck<\/p>\n\n\n\n<h2 class=\"wp-block-heading\"><\/h2>\n","protected":false},"excerpt":{"rendered":"<p>Turbo p\u00e5 opf\u00f8relse af almene boliger L\u00e6s ogs\u00e5 om fokus p\u00e5 seniorbof\u00e6llesskaber i det nye lovforslagHer sker ting og sager rent lovgivningsm\u00e6ssigt, der vil komme nye seniorbof\u00e6llesskaber til gavn. B\u00f8rne-, [&hellip;]<\/p>\n","protected":false},"author":7,"featured_media":0,"comment_status":"open","ping_status":"open","sticky":false,"template":"","format":"standard","meta":{"_EventAllDay":false,"_EventTimezone":"","_EventStartDate":"","_EventEndDate":"","_EventStartDateUTC":"","_EventEndDateUTC":"","_EventShowMap":false,"_EventShowMapLink":false,"_EventURL":"","_EventCost":"","_EventCostDescription":"","_EventCurrencySymbol":"","_EventCurrencyCode":"","_EventCurrencyPosition":"","_EventDateTimeSeparator":"","_EventTimeRangeSeparator":"","_EventOrganizerID":[],"_EventVenueID":[],"_OrganizerEmail":"","_OrganizerPhone":"","_OrganizerWebsite":"","_VenueAddress":"","_VenueCity":"","_VenueCountry":"","_VenueProvince":"","_VenueState":"","_VenueZip":"","_VenuePhone":"","_VenueURL":"","_VenueStateProvince":"","_VenueLat":"","_VenueLng":"","_VenueShowMap":false,"_VenueShowMapLink":false,"footnotes":""},"categories":[36,57,1],"tags":[],"class_list":["post-4472","post","type-post","status-publish","format-standard","hentry","category-almene-boliger","category-forside","category-uncategorized"],"_links":{"self":[{"href":"https:\/\/seniorbofrederiksberg.dk\/index.php?rest_route=\/wp\/v2\/posts\/4472","targetHints":{"allow":["GET"]}}],"collection":[{"href":"https:\/\/seniorbofrederiksberg.dk\/index.php?rest_route=\/wp\/v2\/posts"}],"about":[{"href":"https:\/\/seniorbofrederiksberg.dk\/index.php?rest_route=\/wp\/v2\/types\/post"}],"author":[{"embeddable":true,"href":"https:\/\/seniorbofrederiksberg.dk\/index.php?rest_route=\/wp\/v2\/users\/7"}],"replies":[{"embeddable":true,"href":"https:\/\/seniorbofrederiksberg.dk\/index.php?rest_route=%2Fwp%2Fv2%2Fcomments&post=4472"}],"version-history":[{"count":3,"href":"https:\/\/seniorbofrederiksberg.dk\/index.php?rest_route=\/wp\/v2\/posts\/4472\/revisions"}],"predecessor-version":[{"id":4475,"href":"https:\/\/seniorbofrederiksberg.dk\/index.php?rest_route=\/wp\/v2\/posts\/4472\/revisions\/4475"}],"wp:attachment":[{"href":"https:\/\/seniorbofrederiksberg.dk\/index.php?rest_route=%2Fwp%2Fv2%2Fmedia&parent=4472"}],"wp:term":[{"taxonomy":"category","embeddable":true,"href":"https:\/\/seniorbofrederiksberg.dk\/index.php?rest_route=%2Fwp%2Fv2%2Fcategories&post=4472"},{"taxonomy":"post_tag","embeddable":true,"href":"https:\/\/seniorbofrederiksberg.dk\/index.php?rest_route=%2Fwp%2Fv2%2Ftags&post=4472"}],"curies":[{"name":"wp","href":"https:\/\/api.w.org\/{rel}","templated":true}]}}